{"id":4729,"date":"2017-04-27T06:09:11","date_gmt":"2017-04-27T09:09:11","guid":{"rendered":"https:\/\/blogs.correiobraziliense.com.br\/vicente\/?p=4729"},"modified":"2017-04-27T15:03:05","modified_gmt":"2017-04-27T18:03:05","slug":"gula-do-pmdb-mineiro-por-furnas-e-pela-real-grandeza","status":"publish","type":"post","link":"https:\/\/blogs.correiobraziliense.com.br\/vicente\/gula-do-pmdb-mineiro-por-furnas-e-pela-real-grandeza\/","title":{"rendered":"A gula do PMDB mineiro por Furnas e pela Real Grandeza"},"content":{"rendered":"<h2>Enquanto todos os olhos est\u00e3o voltados para o Congresso, seja por causa das reformas trabalhista e da Previd\u00eancia, seja pelo projeto sobre abuso de autoridade que os parlamentares querem aprovar para tentar barrar a Lava-Jato, a bancada mineira do PMDB trabalha pesado para mudar o comando de Furnas e se apoderar do fundo de pens\u00e3o dos empregados da empresa, a Funda\u00e7\u00e3o Real Grandeza.<\/h2>\n<p>&nbsp;<\/p>\n<p>A gula do PMDB mineiro cresceu diante da vis\u00edvel dificuldade do governo em manter a base aliada unida para avan\u00e7ar nas reformas. Em troca de votos, a bancada passou a exigir a demiss\u00e3o do atual presidente de Furnas, Ricardo Medeiros, o mesmo que havia indicado ao presidente Michel Temer. A queixa dos peemedebistas mineiros \u00e9 a de que Medeiros n\u00e3o est\u00e1 atendendo, a contento, os seus pleitos. Faz uma ou outra concess\u00e3o pol\u00edtica.<\/p>\n<p>&nbsp;<\/p>\n<p>A maior ambi\u00e7\u00e3o do PMDB mineiro, com a mudan\u00e7a no comando de Furnas, \u00e9 p\u00f4r a m\u00e3o no patrim\u00f4nio da Real Grandeza, de R$ 14,9 bilh\u00f5es. Hoje, essa montanha de dinheiro, poupada para garantir o complemento das aposentadorias dos funcion\u00e1rios da estatal, est\u00e1 blindada por uma diretoria t\u00e9cnica, liderada pelo funcion\u00e1rio de carreira S\u00e9rgio Wilson Fontes. Se o fundo de pens\u00e3o parar nas m\u00e3os de pol\u00edticos, o risco de a corrup\u00e7\u00e3o dilapidar seu patrim\u00f4nio cresce.<\/p>\n<p>&nbsp;<\/p>\n<p>O hist\u00f3rico para comprovar que pol\u00edtica e fundos de pens\u00e3o n\u00e3o combinam \u00e9 enorme. Basta ver o que aconteceu em tr\u00eas das maiores funda\u00e7\u00f5es ligadas a estatais. O Postalis, dos empregados dos Correios, que foi rateado entre o PMDB e o PT, acumula rombo de mais de R$ 6 bilh\u00f5es. Na Funcef, dos funcion\u00e1rios da Caixa Econ\u00f4mica Federal, comandada por anos pelo PT, as perdas passam de R$ 18 bilh\u00f5es. Na Petros, dos empregados da Petrobras, tamb\u00e9m entregue ao PT por mais de uma d\u00e9cada, o buraco chega a R$ 27 bilh\u00f5es.<\/p>\n<p>&nbsp;<\/p>\n<p>Por lei, esses rombos ter\u00e3o de ser cobertos tanto pelas estatais quanto por seus funcion\u00e1rios. O rateio ser\u00e1 feito meio a meio. No Postalis, os carteiros ter\u00e3o que pagar taxa extra ao longo de 23 anos. Na Funcef, a contribui\u00e7\u00e3o adicional valer\u00e1 por 17 anos e, na Petros, por quase 20 anos. A parcela das estatais, por\u00e9m, n\u00e3o est\u00e1 sendo paga. Os Correios registram preju\u00edzos h\u00e1 dois anos seguidos e a Petrobras, h\u00e1 tr\u00eas.<\/p>\n<p>&nbsp;<\/p>\n<p><b>Rombos em s\u00e9rie<\/b><\/p>\n<p>&nbsp;<\/p>\n<p>Nesse mar de rombos nos fundos de pens\u00e3o das estatais, a Real Grandeza \u00e9 um o\u00e1sis. A funda\u00e7\u00e3o registrou, em 2016, rentabilidade recorde, entre 23,7% e 32,4%, dependendo do plano de aposentadoria, superando, de longe, as metas atuariais, entre 12,7% e 13,2%. O deficit que, em 2015, havia sido de R$ 1,9 bilh\u00e3o, caiu para R$ 600 milh\u00f5es. O atual presidente do fundo de pens\u00e3o assumiu o posto em outubro do ano passado, depois da demiss\u00e3o de indicados pol\u00edticos.<\/p>\n<p>&nbsp;<\/p>\n<p>N\u00e3o custa lembrar que o mesmo S\u00e9rgio Wilson que est\u00e1 na mira do PMDB mineiro foi alvo constante do ex-deputado Eduardo Cunha, preso no \u00e2mbito da Opera\u00e7\u00e3o Lava-Jato. Cunha mandava e desmandava em Furnas, cujo comando ele conseguiu durante o governo Lula, em troca de um voto favor\u00e1vel \u00e0 recria\u00e7\u00e3o da CPMF. \u00c0 \u00e9poca, ele era o relator do projeto que recriava o imposto sobre movimenta\u00e7\u00f5es financeiras. Ao chantagear o Planalto, Cunha conseguiu nomear Luiz Paulo Conde para o comando da estatal.<\/p>\n<p>&nbsp;<\/p>\n<p>Contudo, apesar de ter a presid\u00eancia de Furnas, Cunha n\u00e3o conseguiu demitir S\u00e9rgio Wilson da Real Grandeza. Todas as tentativas foram barradas por movimenta\u00e7\u00f5es dos funcion\u00e1rios da estatal, que fizeram v\u00e1rias manifesta\u00e7\u00f5es p\u00fablicas denunciando as manobras do ent\u00e3o parlamentar. Wilson saiu anos depois, deixando a funda\u00e7\u00e3o em uma situa\u00e7\u00e3o bastante confort\u00e1vel. Parte dos ganhos acabou se perdendo nos anos seguintes, devido ao aparelhamento pol\u00edtico.<\/p>\n<p>&nbsp;<\/p>\n<p>A campanha contra a atual diretoria da Real Grandeza est\u00e1 fort\u00edssima nas redes sociais. Os detratores est\u00e3o usando como mote do ataque o pagamento retroativo de sal\u00e1rios a dois diretores. Um recebeu R$ 318 mil; outro, R$ 160 mil. O ressarcimento, segundo a funda\u00e7\u00e3o, foi decidido pelo Conselho Deliberativo do fundo, baseado em pareceres jur\u00eddicos. \u201cO presidente da Real Grandeza n\u00e3o tem al\u00e7ada nem atribui\u00e7\u00e3o estatut\u00e1ria para aprovar remunera\u00e7\u00e3o de dirigentes da entidade, compet\u00eancia exclusiva do Conselho Administrativo\u201d, ressalta, em nota.<\/p>\n<p>&nbsp;<\/p>\n<p>Quem acompanha a guerra pelo comando de Furnas e da Real Grandeza diz que o PMDB mineiro se juntou a remanescentes do grupo de Eduardo Cunha na estatal para realizar seus desejos. A Casa Civil, por onde passam todas as indica\u00e7\u00f5es para o governo e as estatais, j\u00e1 teria negociado o pleito com a bancada. Tudo, por\u00e9m, depender\u00e1 da fidelidade que os parlamentares que integram esse grupo demonstrarem ao Pal\u00e1cio do Planalto em rela\u00e7\u00e3o \u00e0s reformas. Esse epis\u00f3dio s\u00f3 confirma que, sai governo, entra governo, as moedas de troca continuam as mesmas. O patrim\u00f4nio p\u00fablico que se dane.<\/p>\n","protected":false},"excerpt":{"rendered":"<p>Enquanto todos os olhos est\u00e3o voltados para o Congresso, seja por causa das reformas trabalhista e da Previd\u00eancia, seja pelo projeto sobre abuso de autoridade que os parlamentares querem aprovar para tentar barrar a Lava-Jato, a bancada mineira do PMDB trabalha pesado para mudar o comando de Furnas e se apoderar do fundo de pens\u00e3o [&hellip;]<\/p>\n","protected":false},"author":22,"featured_media":0,"comment_status":"open","ping_status":"closed","sticky":false,"template":"","format":"standard","meta":{"footnotes":""},"categories":[600],"tags":[],"class_list":["post-4729","post","type-post","status-publish","format-standard","hentry","category-economia"],"_links":{"self":[{"href":"https:\/\/blogs.correiobraziliense.com.br\/vicente\/wp-json\/wp\/v2\/posts\/4729","targetHints":{"allow":["GET"]}}],"collection":[{"href":"https:\/\/blogs.correiobraziliense.com.br\/vicente\/wp-json\/wp\/v2\/posts"}],"about":[{"href":"https:\/\/blogs.correiobraziliense.com.br\/vicente\/wp-json\/wp\/v2\/types\/post"}],"author":[{"embeddable":true,"href":"https:\/\/blogs.correiobraziliense.com.br\/vicente\/wp-json\/wp\/v2\/users\/22"}],"replies":[{"embeddable":true,"href":"https:\/\/blogs.correiobraziliense.com.br\/vicente\/wp-json\/wp\/v2\/comments?post=4729"}],"version-history":[{"count":4,"href":"https:\/\/blogs.correiobraziliense.com.br\/vicente\/wp-json\/wp\/v2\/posts\/4729\/revisions"}],"predecessor-version":[{"id":4733,"href":"https:\/\/blogs.correiobraziliense.com.br\/vicente\/wp-json\/wp\/v2\/posts\/4729\/revisions\/4733"}],"wp:attachment":[{"href":"https:\/\/blogs.correiobraziliense.com.br\/vicente\/wp-json\/wp\/v2\/media?parent=4729"}],"wp:term":[{"taxonomy":"category","embeddable":true,"href":"https:\/\/blogs.correiobraziliense.com.br\/vicente\/wp-json\/wp\/v2\/categories?post=4729"},{"taxonomy":"post_tag","embeddable":true,"href":"https:\/\/blogs.correiobraziliense.com.br\/vicente\/wp-json\/wp\/v2\/tags?post=4729"}],"curies":[{"name":"wp","href":"https:\/\/api.w.org\/{rel}","templated":true}]}}