{"id":4727,"date":"2017-04-27T00:08:53","date_gmt":"2017-04-27T03:08:53","guid":{"rendered":"https:\/\/blogs.correiobraziliense.com.br\/vicente\/?p=4727"},"modified":"2017-04-27T00:08:53","modified_gmt":"2017-04-27T03:08:53","slug":"bancos-desafiam-autoridade-do-bc","status":"publish","type":"post","link":"https:\/\/blogs.correiobraziliense.com.br\/vicente\/bancos-desafiam-autoridade-do-bc\/","title":{"rendered":"Bancos desafiam autoridade do BC"},"content":{"rendered":"<p>\u00bb Os bancos continuam desafiando o governo, inclusive os estatais. Mesmo diante de todos os apelos do Banco Central e das mudan\u00e7as promovidas no cart\u00e3o de cr\u00e9dito, as institui\u00e7\u00f5es continuam aumentando os juros cobrados dos consumidores.<\/p>\n<p>&nbsp;<\/p>\n<p><b>Abuso contra o consumidor<\/b><\/p>\n<p>&nbsp;<\/p>\n<p>\u00bb Dados do BC apontam que, a despeito de o Comit\u00ea de Pol\u00edtica Monet\u00e1ria (Copom) ter cortado mais um ponto da taxa b\u00e1sica da economia (Selic), os juros do cart\u00e3o subiram para 490,3% ao ano em mar\u00e7o e os do cheque especial, para 328%.<\/p>\n","protected":false},"excerpt":{"rendered":"<p>\u00bb Os bancos continuam desafiando o governo, inclusive os estatais. Mesmo diante de todos os apelos do Banco Central e das mudan\u00e7as promovidas no cart\u00e3o de cr\u00e9dito, as institui\u00e7\u00f5es continuam aumentando os juros cobrados dos consumidores. &nbsp; Abuso contra o consumidor &nbsp; \u00bb Dados do BC apontam que, a despeito de o Comit\u00ea de Pol\u00edtica [&hellip;]<\/p>\n","protected":false},"author":22,"featured_media":0,"comment_status":"open","ping_status":"closed","sticky":false,"template":"","format":"standard","meta":{"footnotes":""},"categories":[600],"tags":[],"class_list":["post-4727","post","type-post","status-publish","format-standard","hentry","category-economia"],"_links":{"self":[{"href":"https:\/\/blogs.correiobraziliense.com.br\/vicente\/wp-json\/wp\/v2\/posts\/4727","targetHints":{"allow":["GET"]}}],"collection":[{"href":"https:\/\/blogs.correiobraziliense.com.br\/vicente\/wp-json\/wp\/v2\/posts"}],"about":[{"href":"https:\/\/blogs.correiobraziliense.com.br\/vicente\/wp-json\/wp\/v2\/types\/post"}],"author":[{"embeddable":true,"href":"https:\/\/blogs.correiobraziliense.com.br\/vicente\/wp-json\/wp\/v2\/users\/22"}],"replies":[{"embeddable":true,"href":"https:\/\/blogs.correiobraziliense.com.br\/vicente\/wp-json\/wp\/v2\/comments?post=4727"}],"version-history":[{"count":1,"href":"https:\/\/blogs.correiobraziliense.com.br\/vicente\/wp-json\/wp\/v2\/posts\/4727\/revisions"}],"predecessor-version":[{"id":4728,"href":"https:\/\/blogs.correiobraziliense.com.br\/vicente\/wp-json\/wp\/v2\/posts\/4727\/revisions\/4728"}],"wp:attachment":[{"href":"https:\/\/blogs.correiobraziliense.com.br\/vicente\/wp-json\/wp\/v2\/media?parent=4727"}],"wp:term":[{"taxonomy":"category","embeddable":true,"href":"https:\/\/blogs.correiobraziliense.com.br\/vicente\/wp-json\/wp\/v2\/categories?post=4727"},{"taxonomy":"post_tag","embeddable":true,"href":"https:\/\/blogs.correiobraziliense.com.br\/vicente\/wp-json\/wp\/v2\/tags?post=4727"}],"curies":[{"name":"wp","href":"https:\/\/api.w.org\/{rel}","templated":true}]}}