{"id":4723,"date":"2017-04-26T18:30:02","date_gmt":"2017-04-26T21:30:02","guid":{"rendered":"https:\/\/blogs.correiobraziliense.com.br\/vicente\/?p=4723"},"modified":"2017-04-26T19:36:09","modified_gmt":"2017-04-26T22:36:09","slug":"paulinho-negocia-imposto-sindical-em-troca-de-apoio-as-reformas","status":"publish","type":"post","link":"https:\/\/blogs.correiobraziliense.com.br\/vicente\/paulinho-negocia-imposto-sindical-em-troca-de-apoio-as-reformas\/","title":{"rendered":"Paulinho negocia imposto sindical em troca de apoio \u00e0s reformas"},"content":{"rendered":"<h2>RODOLFO COSTA<\/h2>\n<h2><\/h2>\n<h2>O Pal\u00e1cio do Planalto negocia a fidelidade de um partido estrat\u00e9gico da base aliada para a aprova\u00e7\u00e3o da reforma Trabalhista, 26, mas, sobretudo, da reforma da Previd\u00eancia: o Solidariedade. Na luta para evitar uma debandada e obter apoio do presidente da sigla, Paulo Pereira da Silva (SD-SP), o Paulinho da For\u00e7a, o governo est\u00e1 orientando as bancadas mais fi\u00e9is a apoiarem o destaque que o parlamentar apresentar\u00e1 \u00e0 reforma trabalhista ainda nesta quarta-feira, 26.<\/h2>\n<p>&nbsp;<\/p>\n<p>A ideia de Paulinho, que \u00e9 presidente da For\u00e7a Sindical, uma das duas maiores centrais sindicais de trabalhadores do pa\u00eds, \u00e9 manter o imposto sindical obrigat\u00f3rio por um per\u00edodo de seis anos. O texto do relator da reforma trabalhista, deputado Rog\u00e9rio Marinho (PSDB-RN), torna opcional essa contribui\u00e7\u00e3o sindical, que equivale a um dia de trabalho do empregado por ano.<\/p>\n<p>&nbsp;<\/p>\n<p>Hoje, essa contribui\u00e7\u00e3o representa uma arrecada\u00e7\u00e3o de R$ 3,6 bilh\u00f5es por ano. O valor \u00e9 distribu\u00eddo entre sindicatos, federa\u00e7\u00f5es e confedera\u00e7\u00f5es de trabalhadores e patronais. O destaque de Paulinho da For\u00e7a, no entanto, pode encontrar resist\u00eancia de alguns parlamentares, que entendem seis anos como um per\u00edodo longo. Para alguns deputados, tr\u00eas anos seria um prazo aceit\u00e1vel, afirma uma fonte com circula\u00e7\u00e3o entre deputados da base governista.<\/p>\n<p>&nbsp;<\/p>\n<p>A manuten\u00e7\u00e3o de alguma contribui\u00e7\u00e3o para os sindicatos \u00e9 essencial para o Solidariedade apoiar o governo. Para convencer parlamentares da oposi\u00e7\u00e3o, e mesmo os da base que mostram contrariedade \u00e0 reforma da Previd\u00eancia, o governo havia se comprometido a inserir na reforma trabalhista um dispositivo que regularizasse outra taxa, a contribui\u00e7\u00e3o assistencial &#8212; um pleito do pr\u00f3prio Solidariedade.<\/p>\n<p>&nbsp;<\/p>\n<p>Atualmente, a contribui\u00e7\u00e3o assistencial \u00e9 opcional, e h\u00e1 entendimento do Supremo Tribunal Federal (STF) de que ela n\u00e3o pode ser exigida de empregados n\u00e3o filiados. A proposta do governo era estend\u00ea-la mesmo para trabalhadores n\u00e3o associados a sindicatos, desde que prevista em acordo coletivo. Essa seria uma op\u00e7\u00e3o ao fim do imposto sindical obrigat\u00f3rio, mas n\u00e3o agradou a Rog\u00e9rio Marinho, que se negou colocar o dispositivo na proposta. \u201cEle n\u00e3o aceitou discutir isso. Disse que seria suic\u00eddio pol\u00edtico\u201d, disse a fonte.<\/p>\n<p>&nbsp;<\/p>\n<p>Sem condi\u00e7\u00f5es de regulamentar a contribui\u00e7\u00e3o assistencial, a manuten\u00e7\u00e3o da contribui\u00e7\u00e3o sindical obrigat\u00f3ria por seis anos virou quest\u00e3o de ordem para que Paulinho da For\u00e7a aceite apoiar as reformas. Diante do iminente dia de greve nacional na pr\u00f3xima sexta-feira (28), do qual sindicatos filiados \u00e0 For\u00e7a Sindical estar\u00e3o mobilizados, o governo corre contra o rel\u00f3gio para impedir impactos mais graves nas chances de aprova\u00e7\u00e3o da reforma da Previd\u00eancia.<\/p>\n","protected":false},"excerpt":{"rendered":"<p>RODOLFO COSTA O Pal\u00e1cio do Planalto negocia a fidelidade de um partido estrat\u00e9gico da base aliada para a aprova\u00e7\u00e3o da reforma Trabalhista, 26, mas, sobretudo, da reforma da Previd\u00eancia: o Solidariedade. Na luta para evitar uma debandada e obter apoio do presidente da sigla, Paulo Pereira da Silva (SD-SP), o Paulinho da For\u00e7a, o governo [&hellip;]<\/p>\n","protected":false},"author":22,"featured_media":0,"comment_status":"open","ping_status":"closed","sticky":false,"template":"","format":"standard","meta":{"footnotes":""},"categories":[600],"tags":[],"class_list":["post-4723","post","type-post","status-publish","format-standard","hentry","category-economia"],"_links":{"self":[{"href":"https:\/\/blogs.correiobraziliense.com.br\/vicente\/wp-json\/wp\/v2\/posts\/4723","targetHints":{"allow":["GET"]}}],"collection":[{"href":"https:\/\/blogs.correiobraziliense.com.br\/vicente\/wp-json\/wp\/v2\/posts"}],"about":[{"href":"https:\/\/blogs.correiobraziliense.com.br\/vicente\/wp-json\/wp\/v2\/types\/post"}],"author":[{"embeddable":true,"href":"https:\/\/blogs.correiobraziliense.com.br\/vicente\/wp-json\/wp\/v2\/users\/22"}],"replies":[{"embeddable":true,"href":"https:\/\/blogs.correiobraziliense.com.br\/vicente\/wp-json\/wp\/v2\/comments?post=4723"}],"version-history":[{"count":3,"href":"https:\/\/blogs.correiobraziliense.com.br\/vicente\/wp-json\/wp\/v2\/posts\/4723\/revisions"}],"predecessor-version":[{"id":4726,"href":"https:\/\/blogs.correiobraziliense.com.br\/vicente\/wp-json\/wp\/v2\/posts\/4723\/revisions\/4726"}],"wp:attachment":[{"href":"https:\/\/blogs.correiobraziliense.com.br\/vicente\/wp-json\/wp\/v2\/media?parent=4723"}],"wp:term":[{"taxonomy":"category","embeddable":true,"href":"https:\/\/blogs.correiobraziliense.com.br\/vicente\/wp-json\/wp\/v2\/categories?post=4723"},{"taxonomy":"post_tag","embeddable":true,"href":"https:\/\/blogs.correiobraziliense.com.br\/vicente\/wp-json\/wp\/v2\/tags?post=4723"}],"curies":[{"name":"wp","href":"https:\/\/api.w.org\/{rel}","templated":true}]}}