{"id":4721,"date":"2017-04-26T00:29:23","date_gmt":"2017-04-26T03:29:23","guid":{"rendered":"https:\/\/blogs.correiobraziliense.com.br\/vicente\/?p=4721"},"modified":"2017-04-26T00:29:23","modified_gmt":"2017-04-26T03:29:23","slug":"educacao-na-era-digital","status":"publish","type":"post","link":"https:\/\/blogs.correiobraziliense.com.br\/vicente\/educacao-na-era-digital\/","title":{"rendered":"Educa\u00e7\u00e3o na era digital"},"content":{"rendered":"<p>A Tecnologia da Informa\u00e7\u00e3o (TI) est\u00e1 presente em todos os setores, no Brasil e no mundo. Relat\u00f3rio da Associa\u00e7\u00e3o Brasileira das Empresas de Software (Abes) mostra que o mercado brasileiro de TI movimentou US$ 59,9 bilh\u00f5es em 2015.<\/p>\n<p>&nbsp;<\/p>\n<p>Para promover a discuss\u00e3o sobre a necessidade de se repensar as rela\u00e7\u00f5es de ensino-aprendizagem na era digital, o reitor da Universidade Est\u00e1cio de S\u00e1, Ronaldo Mota, far\u00e1 palestra nesta quinta-feira, 26, na Unesp, em S\u00e3o Paulo. Mota apresentar\u00e1 o tema &#8220;Educa\u00e7\u00e3o Contepor\u00e2nea e Tecnologias Digitais&#8221; ao conselho universit\u00e1rio da institui\u00e7\u00e3o.<\/p>\n","protected":false},"excerpt":{"rendered":"<p>A Tecnologia da Informa\u00e7\u00e3o (TI) est\u00e1 presente em todos os setores, no Brasil e no mundo. Relat\u00f3rio da Associa\u00e7\u00e3o Brasileira das Empresas de Software (Abes) mostra que o mercado brasileiro de TI movimentou US$ 59,9 bilh\u00f5es em 2015. &nbsp; Para promover a discuss\u00e3o sobre a necessidade de se repensar as rela\u00e7\u00f5es de ensino-aprendizagem na era [&hellip;]<\/p>\n","protected":false},"author":22,"featured_media":0,"comment_status":"open","ping_status":"closed","sticky":false,"template":"","format":"standard","meta":{"footnotes":""},"categories":[600],"tags":[],"class_list":["post-4721","post","type-post","status-publish","format-standard","hentry","category-economia"],"_links":{"self":[{"href":"https:\/\/blogs.correiobraziliense.com.br\/vicente\/wp-json\/wp\/v2\/posts\/4721","targetHints":{"allow":["GET"]}}],"collection":[{"href":"https:\/\/blogs.correiobraziliense.com.br\/vicente\/wp-json\/wp\/v2\/posts"}],"about":[{"href":"https:\/\/blogs.correiobraziliense.com.br\/vicente\/wp-json\/wp\/v2\/types\/post"}],"author":[{"embeddable":true,"href":"https:\/\/blogs.correiobraziliense.com.br\/vicente\/wp-json\/wp\/v2\/users\/22"}],"replies":[{"embeddable":true,"href":"https:\/\/blogs.correiobraziliense.com.br\/vicente\/wp-json\/wp\/v2\/comments?post=4721"}],"version-history":[{"count":1,"href":"https:\/\/blogs.correiobraziliense.com.br\/vicente\/wp-json\/wp\/v2\/posts\/4721\/revisions"}],"predecessor-version":[{"id":4722,"href":"https:\/\/blogs.correiobraziliense.com.br\/vicente\/wp-json\/wp\/v2\/posts\/4721\/revisions\/4722"}],"wp:attachment":[{"href":"https:\/\/blogs.correiobraziliense.com.br\/vicente\/wp-json\/wp\/v2\/media?parent=4721"}],"wp:term":[{"taxonomy":"category","embeddable":true,"href":"https:\/\/blogs.correiobraziliense.com.br\/vicente\/wp-json\/wp\/v2\/categories?post=4721"},{"taxonomy":"post_tag","embeddable":true,"href":"https:\/\/blogs.correiobraziliense.com.br\/vicente\/wp-json\/wp\/v2\/tags?post=4721"}],"curies":[{"name":"wp","href":"https:\/\/api.w.org\/{rel}","templated":true}]}}