{"id":4715,"date":"2017-04-20T19:30:13","date_gmt":"2017-04-20T22:30:13","guid":{"rendered":"https:\/\/blogs.correiobraziliense.com.br\/vicente\/?p=4715"},"modified":"2017-04-20T20:16:06","modified_gmt":"2017-04-20T23:16:06","slug":"petrobras-anuncia-aumento-para-gasolina-e-o-diesel","status":"publish","type":"post","link":"https:\/\/blogs.correiobraziliense.com.br\/vicente\/petrobras-anuncia-aumento-para-gasolina-e-o-diesel\/","title":{"rendered":"Petrobras anuncia aumento para a gasolina e o diesel"},"content":{"rendered":"<h2>HAMILTON FERRARI<\/h2>\n<h2><\/h2>\n<h2>Os pre\u00e7os em queda da gasolina no Distrito Federal podem estar com os dias contados. A Petrobras anunciou reajustes nos valores dos combust\u00edveis nas refinarias, que devem ser repassados aos consumidores. Segundo a estatal, a gasolina ficar\u00e1 2,2% mais cara. J\u00e1 o diesel subir\u00e1 4,3%.<\/h2>\n<p>&nbsp;<\/p>\n<p>Pelos c\u00e1lculos da Petrobras, se o reajuste feito hoje for repassado integralmente para as bombas dos postos e n\u00e3o houver altera\u00e7\u00f5es nas demais parcelas que comp\u00f5em o valor ao consumidor final, o diesel pode subir 2,9% ou cerca de R$ 0,09 por litro, em m\u00e9dia, e a gasolina, 1,2% ou R$ 0,04 por litro, em m\u00e9dia.<\/p>\n<p>&nbsp;<\/p>\n<p>Para os especialistas, com reajuste t\u00e3o pequeno nas refinarias, n\u00e3o h\u00e1 motivo para os postos punirem os consumidores. H\u00e1 gordura de sobra nos pre\u00e7os cobrados nas bombas, tanto que uma guerra vem sendo travada entre os postos do Distrito Federal na tentativa de atrair a clientela. \u00c9 poss\u00edvel abastecer o carro na capital do pa\u00eds com o litro da gasolina a R$ 3,34.<\/p>\n<p>&nbsp;<\/p>\n<p>Os especialistas ressaltam ainda que os estoques dos postos est\u00e3o bastante elevados. Isso faz com que os estabelecimentos comerciais sejam mais agressivos na disputa pelos consumidores. Os postos tem metas a cumprir, e a segunda quinzena do m\u00eas costuma ser bem mais fraca em termos de vendas.<\/p>\n<p>&nbsp;<\/p>\n<p><strong>D\u00f3lar e petr\u00f3leo<\/strong><\/p>\n<p>&nbsp;<\/p>\n<p>Segundo a Petrobras, o aumento faz parte da pol\u00edtica de pre\u00e7os dos combust\u00edveis definida em outubro de 2016. Os novos valores passam a vigorar a partir desta sexta-feira, 21. O reajuste\u00a0\u00e9 explicado, principalmente, pela eleva\u00e7\u00e3o do petr\u00f3leo no mercado internacional, que mais que compensou a valoriza\u00e7\u00e3o do real frente ao d\u00f3lar. Tamb\u00e9m pesaram os ajustes na competitividade da Petrobras no mercado interno. &#8220;\u00c9 preciso destacar ainda que o comportamento dos pre\u00e7os de derivados foi marcado pelar volatilidade nos mercados internacionais em resposta a evento geopol\u00edtico, como o ocorrido na S\u00edria&#8221;, frisa a estatal.<\/p>\n<p>&nbsp;<\/p>\n<p>A Petrobras ressalta ainda que a sua pol\u00edtica prev\u00ea a revis\u00e3o de pre\u00e7os pelos menos uma vez a cada 30 dias. &#8220;Os novos pre\u00e7os dos combust\u00edveis continuam com uma margem positiva em rela\u00e7\u00e3o \u00e0 paridade internacional, conforme princ\u00edpio da pol\u00edtica anunciada, e est\u00e3o alinhados com os objetivos do plano de neg\u00f3cios 2017\/2021&#8221;, destaca a empresa.<\/p>\n<p>&nbsp;<\/p>\n<p>A estatal frisa ainda que, como a lei brasileira garante liberdade de pre\u00e7os no mercado de combust\u00edveis e derivados, as revis\u00f5es feitas nas refinarias podem ou n\u00e3o se refletir no pre\u00e7o final ao consumidor. &#8220;Isso depender\u00e1 de repasses feitos por outros integrantes da cadeia de combust\u00edveis, especialmente distribuidoras e postos revendedores&#8221;, acrescenta.<\/p>\n<p>&nbsp;<\/p>\n<p><em>Bras\u00edlia, 19h30min<\/em><\/p>\n","protected":false},"excerpt":{"rendered":"<p>HAMILTON FERRARI Os pre\u00e7os em queda da gasolina no Distrito Federal podem estar com os dias contados. A Petrobras anunciou reajustes nos valores dos combust\u00edveis nas refinarias, que devem ser repassados aos consumidores. Segundo a estatal, a gasolina ficar\u00e1 2,2% mais cara. J\u00e1 o diesel subir\u00e1 4,3%. &nbsp; Pelos c\u00e1lculos da Petrobras, se o reajuste [&hellip;]<\/p>\n","protected":false},"author":22,"featured_media":0,"comment_status":"open","ping_status":"closed","sticky":false,"template":"","format":"standard","meta":{"footnotes":""},"categories":[600],"tags":[],"class_list":["post-4715","post","type-post","status-publish","format-standard","hentry","category-economia"],"_links":{"self":[{"href":"https:\/\/blogs.correiobraziliense.com.br\/vicente\/wp-json\/wp\/v2\/posts\/4715","targetHints":{"allow":["GET"]}}],"collection":[{"href":"https:\/\/blogs.correiobraziliense.com.br\/vicente\/wp-json\/wp\/v2\/posts"}],"about":[{"href":"https:\/\/blogs.correiobraziliense.com.br\/vicente\/wp-json\/wp\/v2\/types\/post"}],"author":[{"embeddable":true,"href":"https:\/\/blogs.correiobraziliense.com.br\/vicente\/wp-json\/wp\/v2\/users\/22"}],"replies":[{"embeddable":true,"href":"https:\/\/blogs.correiobraziliense.com.br\/vicente\/wp-json\/wp\/v2\/comments?post=4715"}],"version-history":[{"count":3,"href":"https:\/\/blogs.correiobraziliense.com.br\/vicente\/wp-json\/wp\/v2\/posts\/4715\/revisions"}],"predecessor-version":[{"id":4718,"href":"https:\/\/blogs.correiobraziliense.com.br\/vicente\/wp-json\/wp\/v2\/posts\/4715\/revisions\/4718"}],"wp:attachment":[{"href":"https:\/\/blogs.correiobraziliense.com.br\/vicente\/wp-json\/wp\/v2\/media?parent=4715"}],"wp:term":[{"taxonomy":"category","embeddable":true,"href":"https:\/\/blogs.correiobraziliense.com.br\/vicente\/wp-json\/wp\/v2\/categories?post=4715"},{"taxonomy":"post_tag","embeddable":true,"href":"https:\/\/blogs.correiobraziliense.com.br\/vicente\/wp-json\/wp\/v2\/tags?post=4715"}],"curies":[{"name":"wp","href":"https:\/\/api.w.org\/{rel}","templated":true}]}}