{"id":4709,"date":"2017-04-20T13:10:15","date_gmt":"2017-04-20T16:10:15","guid":{"rendered":"https:\/\/blogs.correiobraziliense.com.br\/vicente\/?p=4709"},"modified":"2017-04-20T15:40:25","modified_gmt":"2017-04-20T18:40:25","slug":"saques-em-contas-inativas-do-fgts-chegam-r-151-bi","status":"publish","type":"post","link":"https:\/\/blogs.correiobraziliense.com.br\/vicente\/saques-em-contas-inativas-do-fgts-chegam-r-151-bi\/","title":{"rendered":"Saques em contas inativas do FGTS chegam a R$ 15,1 bi"},"content":{"rendered":"<h2>MARLLA SABINO<\/h2>\n<h2><\/h2>\n<h2>Quase oito em cada 10 trabalhadores que tinham direito a sacar recursos das contas inativas do Fundo de Garantia do Tempo de Servi\u00e7o (FGTS) j\u00e1 compareceram \u00e0s ag\u00eancias da Caixa Econ\u00f4mica Federal. No total, eles sacaram R$ 15,1 bilh\u00f5es (83,2%) dos R$ 18,1 bilh\u00f5es liberados.<\/h2>\n<p>&nbsp;<\/p>\n<p>Segundo a Caixa, 9,5 milh\u00f5es de trabalhadores embolsaram os recursos a que tinham direito. Eles representam 76% dos 12,5 milh\u00f5es que fazem anivers\u00e1rio entre janeiro e maio. O banco espera que esse n\u00famero cres\u00e7a nas pr\u00f3ximas semanas. A partir de 12 de maio est\u00e3o liberados para saques os nascidos em junho, julho e agosto.<\/p>\n<p>&nbsp;<\/p>\n<p>Muitos dos que sacaram o dinheiro liberado pela Medida Provis\u00f3ria 763\/2016 usaram os recursos para pagar d\u00edvidas. Foi a melhor decis\u00e3o, segundo os especialistas, uma vez que o endividamento das fam\u00edlias est\u00e1 muito elevado. A quita\u00e7\u00e3o de d\u00e9bitos em atraso ajudar\u00e1 a reduzir a inadimpl\u00eancia.<\/p>\n<p>&nbsp;<\/p>\n<p><strong>Prazo acaba em 31 de julho<\/strong><\/p>\n<p>&nbsp;<\/p>\n<p>No total, 30,2 milh\u00f5es de trabalhadores t\u00eam direito a sacar das contas inativas do FGTS. O total dispon\u00edvel chega a R$ 43,6 bilh\u00f5es. O governo acredita que pelo menos R$ 38 bilh\u00f5es ser\u00e3o resgatados pelos trabalhadores at\u00e9 31 de julho, quando termina o prazo final para saques previstos na MP.<\/p>\n<p>&nbsp;<\/p>\n<p>O governo acreditava que a maior parte do dinheiro do FGTS fosse para o consumo. Isso ajudaria o pa\u00eds a sair da recess\u00e3o mais rapidamente. N\u00e3o foi o que aconteceu. As pessoas preferiram colocar as contas de dia, o que, na avalia\u00e7\u00e3o dos analistas, foi muito bom, pois n\u00e3o h\u00e1 porque ficar t\u00e3o endividado.<\/p>\n<p>&nbsp;<\/p>\n<p>Os especialistas dizem ainda que, a partir do momento em que as fam\u00edlias forem reduzindo o endividamento, elas voltar\u00e3o a consumir. Isso, por\u00e9m, s\u00f3 deve ocorrer mais para o fim do ano, quando os trabalhadores ter\u00e3o maior confian\u00e7a de que o pior da recess\u00e3o ficou para tr\u00e1s.<\/p>\n<p>&nbsp;<\/p>\n<p>&#8220;O dinheiro do FGTS veio em boa hora, mas s\u00f3 deu para pagar d\u00edvidas&#8221;, diz a comerci\u00e1ria Anelise Silva, 34 anos. &#8220;Estava no sufoco. Agora, vou controlar as contas para n\u00e3o cair de novo na inadimpl\u00eancia. \u00c9 terr\u00edvel ficar devendo e n\u00e3o ter dinheiro para pagar&#8221;, frisa. Ela est\u00e1 sem trabalho fixo h\u00e1 quase um ano. &#8220;Estou vivendo de bicos&#8221;, complementa.<\/p>\n<p>&nbsp;<\/p>\n<p><em>Bras\u00edlia, 13h10min<\/em><\/p>\n","protected":false},"excerpt":{"rendered":"<p>MARLLA SABINO Quase oito em cada 10 trabalhadores que tinham direito a sacar recursos das contas inativas do Fundo de Garantia do Tempo de Servi\u00e7o (FGTS) j\u00e1 compareceram \u00e0s ag\u00eancias da Caixa Econ\u00f4mica Federal. No total, eles sacaram R$ 15,1 bilh\u00f5es (83,2%) dos R$ 18,1 bilh\u00f5es liberados. &nbsp; Segundo a Caixa, 9,5 milh\u00f5es de trabalhadores [&hellip;]<\/p>\n","protected":false},"author":22,"featured_media":0,"comment_status":"open","ping_status":"closed","sticky":false,"template":"","format":"standard","meta":{"footnotes":""},"categories":[600],"tags":[],"class_list":["post-4709","post","type-post","status-publish","format-standard","hentry","category-economia"],"_links":{"self":[{"href":"https:\/\/blogs.correiobraziliense.com.br\/vicente\/wp-json\/wp\/v2\/posts\/4709","targetHints":{"allow":["GET"]}}],"collection":[{"href":"https:\/\/blogs.correiobraziliense.com.br\/vicente\/wp-json\/wp\/v2\/posts"}],"about":[{"href":"https:\/\/blogs.correiobraziliense.com.br\/vicente\/wp-json\/wp\/v2\/types\/post"}],"author":[{"embeddable":true,"href":"https:\/\/blogs.correiobraziliense.com.br\/vicente\/wp-json\/wp\/v2\/users\/22"}],"replies":[{"embeddable":true,"href":"https:\/\/blogs.correiobraziliense.com.br\/vicente\/wp-json\/wp\/v2\/comments?post=4709"}],"version-history":[{"count":5,"href":"https:\/\/blogs.correiobraziliense.com.br\/vicente\/wp-json\/wp\/v2\/posts\/4709\/revisions"}],"predecessor-version":[{"id":4714,"href":"https:\/\/blogs.correiobraziliense.com.br\/vicente\/wp-json\/wp\/v2\/posts\/4709\/revisions\/4714"}],"wp:attachment":[{"href":"https:\/\/blogs.correiobraziliense.com.br\/vicente\/wp-json\/wp\/v2\/media?parent=4709"}],"wp:term":[{"taxonomy":"category","embeddable":true,"href":"https:\/\/blogs.correiobraziliense.com.br\/vicente\/wp-json\/wp\/v2\/categories?post=4709"},{"taxonomy":"post_tag","embeddable":true,"href":"https:\/\/blogs.correiobraziliense.com.br\/vicente\/wp-json\/wp\/v2\/tags?post=4709"}],"curies":[{"name":"wp","href":"https:\/\/api.w.org\/{rel}","templated":true}]}}