{"id":4705,"date":"2017-04-20T07:30:20","date_gmt":"2017-04-20T10:30:20","guid":{"rendered":"https:\/\/blogs.correiobraziliense.com.br\/vicente\/?p=4705"},"modified":"2017-04-20T13:19:25","modified_gmt":"2017-04-20T16:19:25","slug":"pais-nao-tem-mais-tempo-para-ilusoes","status":"publish","type":"post","link":"https:\/\/blogs.correiobraziliense.com.br\/vicente\/pais-nao-tem-mais-tempo-para-ilusoes\/","title":{"rendered":"Pa\u00eds n\u00e3o tem mais tempo para ilus\u00f5es"},"content":{"rendered":"<h2>O clima de apreens\u00e3o que tomou conta do governo deu uma amenizada ontem, mas ainda est\u00e1 longe de garantir uma ampla vit\u00f3ria nas reformas trabalhista e, sobretudo, da Previd\u00eancia Social. A aprova\u00e7\u00e3o do regime de urg\u00eancia para a vota\u00e7\u00e3o das mudan\u00e7as na lei trabalhista, depois de uma derrota acachapante na v\u00e9spera, e a defini\u00e7\u00e3o de um cronograma para o andamento da reforma previdenci\u00e1ria deixaram a vis\u00e3o, no Pal\u00e1cio do Planalto, de que o presidente Michel Temer n\u00e3o perdeu o comando da base aliada. Continua a contar com um amplo leque de apoio no Congresso.<\/h2>\n<p>&nbsp;<\/p>\n<p>\u201cN\u00e3o d\u00e1 para cantar vit\u00f3ria total, mas demos passos importantes. Se n\u00e3o tiv\u00e9ssemos sa\u00eddo vitoriosos ontem, o risco de a base se dispersar era grande. Era muito importante dar uma demonstra\u00e7\u00e3o de for\u00e7a\u201d, diz um importante auxiliar de Temer. Ele reconhece, por\u00e9m, que os pr\u00f3ximos dias ser\u00e3o vitais para que o governo pavimente o caminho definitivo pela vit\u00f3ria. \u201cEstamos no meio de uma guerra. O mundo pol\u00edtico est\u00e1 ruindo, abalado pela Lava-Jato, o pa\u00eds ainda est\u00e1 mergulhado em um grave crise econ\u00f4mica, com desemprego recorde, e o governo n\u00e3o tem apoio popular. Aprovar reformas nesse contexto requer muita disposi\u00e7\u00e3o. Mas a determina\u00e7\u00e3o do presidente \u00e9 seguir em frente\u201d, acrescenta.<\/p>\n<p>&nbsp;<\/p>\n<p>Para os investidores, o governo n\u00e3o pode vacilar, pois j\u00e1 cedeu demais na proposta de reforma da Previd\u00eancia. Pelos c\u00e1lculos dos especialistas, com as altera\u00e7\u00f5es feitas no projeto original encaminhado ao Congresso, o Planalto abriu m\u00e3o de ao menos R$ 340 bilh\u00f5es dos quase R$ 800 bilh\u00f5es que seriam economizados nos 10 anos seguintes \u00e0 aprova\u00e7\u00e3o da reforma. Como bem ressaltou o ministro da Fazendo, Henrique Meirelles, chegou-se ao limite das concess\u00f5es. Agora, \u00e9 preservar o que restou do projeto e entreg\u00e1-lo o mais rapidamente poss\u00edvel, pois quanto mais as mudan\u00e7as na Previd\u00eancia demorarem, mais tempo a economia levar\u00e1 para sair do atoleiro. \u201cSem reformas, n\u00e3o haver\u00e1 crescimento econ\u00f4mico\u201d, diz o auxiliar de Temer.<\/p>\n<p>&nbsp;<\/p>\n<p><strong>Flertando com o caos<\/strong><\/p>\n<p>&nbsp;<\/p>\n<p>No entender de especialistas, mesmo com todos os percal\u00e7os, \u00e9 poss\u00edvel dizer que o governo ainda disp\u00f5e de f\u00f4lego para aprovar as reformas trabalhista e da Previd\u00eancia. No caso das mudan\u00e7as do sistema previdenci\u00e1rio, as chances de vit\u00f3ria variam entre 60% e 70%. J\u00e1 foram maiores, mas, dado o grav\u00edssimo quadro pol\u00edtico, com todas as grandes lideran\u00e7as tragadas pela Lava-Jato, a probabilidade continua elevada. \u201cVamos refor\u00e7ar o discurso de que, sem reformas, o pa\u00eds quebrar\u00e1 de vez. Perderemos mais um ano e, em 2018, as elei\u00e7\u00f5es ser\u00e3o realizadas sobre terra arrasada\u201d, afirma um integrante da equipe econ\u00f4mica. \u201cN\u00e3o h\u00e1 ilus\u00e3o. O Brasil n\u00e3o tem sa\u00edda sem reformas. Se n\u00e3o forem feitas agora, ser\u00e3o no pr\u00f3ximo governo\u201d, emenda.<\/p>\n<p>&nbsp;<\/p>\n<p>O Planalto espera que, com a reforma trabalhista saindo logo, ser\u00e1 poss\u00edvel aprovar, ainda na segunda quinzena de maio, no Plen\u00e1rio da C\u00e2mara, as mudan\u00e7as na Previd\u00eancia. O mercado financeiro mant\u00e9m o voto de confian\u00e7a, at\u00e9 por falta de op\u00e7\u00e3o. Mas, a cada passo em falso no andamento das reformas, cobrar\u00e1 seu pre\u00e7o. Os analistas dizem que o discurso positivo do Planalto est\u00e1 no limite. Agora, a hora \u00e9 de dar demonstra\u00e7\u00f5es de for\u00e7a. O estrago da Lava-Jato j\u00e1 foi feito. Sabe-se que a grande maioria dos pol\u00edticos est\u00e1 no mesmo barco. Portanto, \u00e9 preciso concentrar as energias para fazer o dever de casa. Ou o governo entrega o que todos est\u00e3o esperando ou a ru\u00edna bater\u00e1 \u00e0s portas de todos. \u201c\u00c9 vencer ou vencer\u201d, enfatiza um dos principais banqueiros do pa\u00eds. \u201cJ\u00e1 perdemos tempo demais. O Congresso precisa compreender que estamos flertando com o caos\u201d, sentencia.<\/p>\n<p>&nbsp;<\/p>\n<p><em>Bras\u00edlia, 07h30min<\/em><\/p>\n","protected":false},"excerpt":{"rendered":"<p>O clima de apreens\u00e3o que tomou conta do governo deu uma amenizada ontem, mas ainda est\u00e1 longe de garantir uma ampla vit\u00f3ria nas reformas trabalhista e, sobretudo, da Previd\u00eancia Social. A aprova\u00e7\u00e3o do regime de urg\u00eancia para a vota\u00e7\u00e3o das mudan\u00e7as na lei trabalhista, depois de uma derrota acachapante na v\u00e9spera, e a defini\u00e7\u00e3o de [&hellip;]<\/p>\n","protected":false},"author":22,"featured_media":0,"comment_status":"open","ping_status":"closed","sticky":false,"template":"","format":"standard","meta":{"footnotes":""},"categories":[600],"tags":[254,21,41,111,936,2184],"class_list":["post-4705","post","type-post","status-publish","format-standard","hentry","category-economia","tag-congresso","tag-henrique-meirelles","tag-lava-jato","tag-michel-temer","tag-reforma-trabalhista","tag-reformas-da-previdencia"],"_links":{"self":[{"href":"https:\/\/blogs.correiobraziliense.com.br\/vicente\/wp-json\/wp\/v2\/posts\/4705","targetHints":{"allow":["GET"]}}],"collection":[{"href":"https:\/\/blogs.correiobraziliense.com.br\/vicente\/wp-json\/wp\/v2\/posts"}],"about":[{"href":"https:\/\/blogs.correiobraziliense.com.br\/vicente\/wp-json\/wp\/v2\/types\/post"}],"author":[{"embeddable":true,"href":"https:\/\/blogs.correiobraziliense.com.br\/vicente\/wp-json\/wp\/v2\/users\/22"}],"replies":[{"embeddable":true,"href":"https:\/\/blogs.correiobraziliense.com.br\/vicente\/wp-json\/wp\/v2\/comments?post=4705"}],"version-history":[{"count":1,"href":"https:\/\/blogs.correiobraziliense.com.br\/vicente\/wp-json\/wp\/v2\/posts\/4705\/revisions"}],"predecessor-version":[{"id":4706,"href":"https:\/\/blogs.correiobraziliense.com.br\/vicente\/wp-json\/wp\/v2\/posts\/4705\/revisions\/4706"}],"wp:attachment":[{"href":"https:\/\/blogs.correiobraziliense.com.br\/vicente\/wp-json\/wp\/v2\/media?parent=4705"}],"wp:term":[{"taxonomy":"category","embeddable":true,"href":"https:\/\/blogs.correiobraziliense.com.br\/vicente\/wp-json\/wp\/v2\/categories?post=4705"},{"taxonomy":"post_tag","embeddable":true,"href":"https:\/\/blogs.correiobraziliense.com.br\/vicente\/wp-json\/wp\/v2\/tags?post=4705"}],"curies":[{"name":"wp","href":"https:\/\/api.w.org\/{rel}","templated":true}]}}