{"id":4698,"date":"2017-04-19T17:29:01","date_gmt":"2017-04-19T20:29:01","guid":{"rendered":"https:\/\/blogs.correiobraziliense.com.br\/vicente\/?p=4698"},"modified":"2017-04-19T19:09:09","modified_gmt":"2017-04-19T22:09:09","slug":"palocci-pode-complicar-vida-de-andre-esteves-se-abrir-boca","status":"publish","type":"post","link":"https:\/\/blogs.correiobraziliense.com.br\/vicente\/palocci-pode-complicar-vida-de-andre-esteves-se-abrir-boca\/","title":{"rendered":"Palocci pode complicar a vida de Andr\u00e9 Esteves se abrir a boca"},"content":{"rendered":"<h2>A volta de Andr\u00e9 Esteve ao notici\u00e1rio policial levantou um grande debate no Congresso. Petistas de peso est\u00e3o convencidos de que, se realmente Antonio Palocci, ex-ministro da Fazenda e da Casa Civil, fechar acordo de dela\u00e7\u00e3o premiada com a Justi\u00e7a, a vida do dono do banco BTG Pactual pode se complicar ainda mais.<\/h2>\n<p>&nbsp;<\/p>\n<p>Os petistas n\u00e3o detalham qual o tamanho da rela\u00e7\u00e3o de Palocci com Esteves, mas ressaltam que os dois eram bem pr\u00f3ximos. O banqueiro, que j\u00e1 foi preso no \u00e2mbito da Opera\u00e7\u00e3o Lava-Jato, tinha tr\u00e2nsito livre com o ent\u00e3o ministro. Essa mesma proximidade continuou com Guido Mantega, quando ele assumiu o comando da economia no governo Lula.<\/p>\n<p>&nbsp;<\/p>\n<p>Palocci \u00e9 apontado, pelos delatores da Odebrecht, como o centralizador da propina repassada ao PT. Sabe-se, por\u00e9m, que o ex-ministro tinha muito contato com os bancos. N\u00e3o por acaso, o mercado financeiro anda ouri\u00e7ado com a possibilidade de Palocci abrir a boca.<\/p>\n<p>&nbsp;<\/p>\n<p>Esteves foi preso em novembro de 2015, acusado de tentar obstruir as investiga\u00e7\u00f5es da Lava-Jato. Passou algumas semanas em Bangu, at\u00e9 ser liberado pela Justi\u00e7a. Foram as \u00f3timas rela\u00e7\u00f5es do banqueiro com integrantes dos governos petistas que permitiram ao BTG Pactual dar um salto t\u00e3o expressivo.<\/p>\n<p>&nbsp;<\/p>\n<p><strong>Opera\u00e7\u00e3o Conclave<\/strong><\/p>\n<p>&nbsp;<\/p>\n<p>O BTG se tornou s\u00f3cio da Caixa Econ\u00f4mica Federal ao comprar a participa\u00e7\u00e3o do grupo S\u00edlvio Santos no Banco Panamericano. A entrada da Caixa no Panamericano se deu em 2009, em meio \u00e0 crise mundial provocada pelo estouro da bolha imobili\u00e1ria dos Estados Unidos. A sociedade da institui\u00e7\u00e3o estatal com o grupo S\u00edlvio Santos se deu por meio da CaixaPar, que, agora, \u00e9 alvo da Opera\u00e7\u00e3o Conclave, da Pol\u00edcia Federal.<\/p>\n<p>&nbsp;<\/p>\n<p>A PF quer saber por que a CaixaPar investiu R$ 740 milh\u00f5es em um banco quebrado, com rombo de R$ 4 bilh\u00f5es. Quer saber ainda qual foi a negocia\u00e7\u00e3o com o BTG de Esteves, que mudou o nome do Panamericano para PAN depois que assumiu o controle da institui\u00e7\u00e3o.<\/p>\n<p>&nbsp;<\/p>\n<p>O Opera\u00e7\u00e3o Conclave cumpriu hoje 46 mandados de busca e apreens\u00e3o, inclusive na casa de Esteves, que teve o sigilo banc\u00e1rio quebrado pela Justi\u00e7a. O banqueiro, mesmo com toda a suspei\u00e7\u00e3o que recai sobre ele, voltou a dar as cartas no BTG logo depois que saiu da pris\u00e3o.<\/p>\n<p>&nbsp;<\/p>\n<p><em>Bras\u00edlia, 17h29min<\/em><\/p>\n","protected":false},"excerpt":{"rendered":"<p>A volta de Andr\u00e9 Esteve ao notici\u00e1rio policial levantou um grande debate no Congresso. Petistas de peso est\u00e3o convencidos de que, se realmente Antonio Palocci, ex-ministro da Fazenda e da Casa Civil, fechar acordo de dela\u00e7\u00e3o premiada com a Justi\u00e7a, a vida do dono do banco BTG Pactual pode se complicar ainda mais. &nbsp; Os [&hellip;]<\/p>\n","protected":false},"author":22,"featured_media":0,"comment_status":"open","ping_status":"closed","sticky":false,"template":"","format":"standard","meta":{"footnotes":""},"categories":[600],"tags":[2180,479,2183,2182,255,41,2181,672],"class_list":["post-4698","post","type-post","status-publish","format-standard","hentry","category-economia","tag-andre-esteve","tag-antonio-palocci","tag-banco-panamericano","tag-caixapar","tag-corrupcao","tag-lava-jato","tag-operacao-conclave","tag-pan"],"_links":{"self":[{"href":"https:\/\/blogs.correiobraziliense.com.br\/vicente\/wp-json\/wp\/v2\/posts\/4698","targetHints":{"allow":["GET"]}}],"collection":[{"href":"https:\/\/blogs.correiobraziliense.com.br\/vicente\/wp-json\/wp\/v2\/posts"}],"about":[{"href":"https:\/\/blogs.correiobraziliense.com.br\/vicente\/wp-json\/wp\/v2\/types\/post"}],"author":[{"embeddable":true,"href":"https:\/\/blogs.correiobraziliense.com.br\/vicente\/wp-json\/wp\/v2\/users\/22"}],"replies":[{"embeddable":true,"href":"https:\/\/blogs.correiobraziliense.com.br\/vicente\/wp-json\/wp\/v2\/comments?post=4698"}],"version-history":[{"count":2,"href":"https:\/\/blogs.correiobraziliense.com.br\/vicente\/wp-json\/wp\/v2\/posts\/4698\/revisions"}],"predecessor-version":[{"id":4700,"href":"https:\/\/blogs.correiobraziliense.com.br\/vicente\/wp-json\/wp\/v2\/posts\/4698\/revisions\/4700"}],"wp:attachment":[{"href":"https:\/\/blogs.correiobraziliense.com.br\/vicente\/wp-json\/wp\/v2\/media?parent=4698"}],"wp:term":[{"taxonomy":"category","embeddable":true,"href":"https:\/\/blogs.correiobraziliense.com.br\/vicente\/wp-json\/wp\/v2\/categories?post=4698"},{"taxonomy":"post_tag","embeddable":true,"href":"https:\/\/blogs.correiobraziliense.com.br\/vicente\/wp-json\/wp\/v2\/tags?post=4698"}],"curies":[{"name":"wp","href":"https:\/\/api.w.org\/{rel}","templated":true}]}}