{"id":4696,"date":"2017-04-19T09:30:43","date_gmt":"2017-04-19T12:30:43","guid":{"rendered":"https:\/\/blogs.correiobraziliense.com.br\/vicente\/?p=4696"},"modified":"2017-04-19T11:19:31","modified_gmt":"2017-04-19T14:19:31","slug":"empregados-de-estatais-podem-ter-reajuste-zero-neste-ano","status":"publish","type":"post","link":"https:\/\/blogs.correiobraziliense.com.br\/vicente\/empregados-de-estatais-podem-ter-reajuste-zero-neste-ano\/","title":{"rendered":"Empregados de estatais podem ter reajuste zero neste ano"},"content":{"rendered":"<h2>Alvos de corrup\u00e7\u00e3o e de m\u00e1 gest\u00e3o, acumulando seguidos preju\u00edzos, as estatais podem ser proibidas de darem reajustes a seus empregados neste ano. A discuss\u00e3o sobre esse tema est\u00e1 quente no Minist\u00e9rio do Planejamento.<\/h2>\n<p>&nbsp;<\/p>\n<p>O grupo mais moderado prop\u00f5e reajuste salarial inferior \u00e0 infla\u00e7\u00e3o medida pelo \u00cdndice Nacional de Pre\u00e7os ao Consumidor (INPC) e calculada pelo Instituto Brasileiro de Geografia e Estat\u00edstica (IBGE). Nos \u00faltimos 12 meses, o indicador cravou alta de 4,57%.<\/p>\n<p>&nbsp;<\/p>\n<p>Outra ala de t\u00e9cnicos prop\u00f5e reajuste zero. Isso mesmo, nada de aumento. A alega\u00e7\u00e3o \u00e9 de que as estatais est\u00e3o em situa\u00e7\u00e3o calamitosa, acumulando perdas ano ap\u00f3s ano. Os Correios, por exemplo, acumulam preju\u00edzos de R$ 4 bilh\u00f5es em dois anos. \u00c9 muito.<\/p>\n<p>&nbsp;<\/p>\n<p>A press\u00e3o, por\u00e9m, ser\u00e1 grande sobre o Planejamento. As estatais est\u00e3o loteadas por indica\u00e7\u00f5es pol\u00edticas. Os gestores indicados por representantes da base aliada n\u00e3o querem assumir o desgaste de anunciar que nenhum dos empregados das estatais ter\u00e1 aumento. Eles pregam que pelo menos a reposi\u00e7\u00e3o da infla\u00e7\u00e3o seja concedida.<\/p>\n<p>&nbsp;<\/p>\n<p><strong>Problem\u00e3o<\/strong><\/p>\n<p>&nbsp;<\/p>\n<p>Para o Planejamento, \u00e9 preciso dar bons exemplos na administra\u00e7\u00e3o p\u00fablica. As estatais se tornaram um problem\u00e3o porque viraram alvos f\u00e1ceis para a corrup\u00e7\u00e3o. Enquanto as empresas n\u00e3o entrarem nos eixos, os reajustes salarias devem ser contidos ou mesmo suspensos.<\/p>\n<p>&nbsp;<\/p>\n<p>T\u00e9cnicos do governo sabem que a retalia\u00e7\u00e3o ser\u00e1 enorme. Os sindicatos de empregados de estatais s\u00e3o muito organizados, sobretudo no caso da Petrobras, que est\u00e1 h\u00e1 tr\u00eas anos operando no vermelho, depois de ter o caixa devastado pela corrup\u00e7\u00e3o, como revela a Opera\u00e7\u00e3o Lava-Jato.<\/p>\n<p>&nbsp;<\/p>\n<p>Os petroleiros n\u00e3o abrem m\u00e3o de aumentos todos os anos. O mesmo prevalece entre os banc\u00e1rios do Banco do Brasil e da Caixa Econ\u00f4mica Federal. Portanto, n\u00e3o ser\u00e1 f\u00e1cil que a proposta do Planejamento siga adiante. Ser\u00e1 preciso muito pulso firme do ministro Dyogo de Oliveira, agora fortalecido ao ser efetivado no cargo.<\/p>\n<p>&nbsp;<\/p>\n<p><em>Bras\u00edlia, 09h30min<\/em><\/p>\n","protected":false},"excerpt":{"rendered":"<p>Alvos de corrup\u00e7\u00e3o e de m\u00e1 gest\u00e3o, acumulando seguidos preju\u00edzos, as estatais podem ser proibidas de darem reajustes a seus empregados neste ano. A discuss\u00e3o sobre esse tema est\u00e1 quente no Minist\u00e9rio do Planejamento. &nbsp; O grupo mais moderado prop\u00f5e reajuste salarial inferior \u00e0 infla\u00e7\u00e3o medida pelo \u00cdndice Nacional de Pre\u00e7os ao Consumidor (INPC) e [&hellip;]<\/p>\n","protected":false},"author":22,"featured_media":0,"comment_status":"open","ping_status":"closed","sticky":false,"template":"","format":"standard","meta":{"footnotes":""},"categories":[600],"tags":[1096,2179,14,1130,150,2178],"class_list":["post-4696","post","type-post","status-publish","format-standard","hentry","category-economia","tag-aumento-de-salarios","tag-empregados-de-estatais","tag-inflacao","tag-inpc","tag-ministerio-do-planejamento","tag-reajuste-zero"],"_links":{"self":[{"href":"https:\/\/blogs.correiobraziliense.com.br\/vicente\/wp-json\/wp\/v2\/posts\/4696","targetHints":{"allow":["GET"]}}],"collection":[{"href":"https:\/\/blogs.correiobraziliense.com.br\/vicente\/wp-json\/wp\/v2\/posts"}],"about":[{"href":"https:\/\/blogs.correiobraziliense.com.br\/vicente\/wp-json\/wp\/v2\/types\/post"}],"author":[{"embeddable":true,"href":"https:\/\/blogs.correiobraziliense.com.br\/vicente\/wp-json\/wp\/v2\/users\/22"}],"replies":[{"embeddable":true,"href":"https:\/\/blogs.correiobraziliense.com.br\/vicente\/wp-json\/wp\/v2\/comments?post=4696"}],"version-history":[{"count":1,"href":"https:\/\/blogs.correiobraziliense.com.br\/vicente\/wp-json\/wp\/v2\/posts\/4696\/revisions"}],"predecessor-version":[{"id":4697,"href":"https:\/\/blogs.correiobraziliense.com.br\/vicente\/wp-json\/wp\/v2\/posts\/4696\/revisions\/4697"}],"wp:attachment":[{"href":"https:\/\/blogs.correiobraziliense.com.br\/vicente\/wp-json\/wp\/v2\/media?parent=4696"}],"wp:term":[{"taxonomy":"category","embeddable":true,"href":"https:\/\/blogs.correiobraziliense.com.br\/vicente\/wp-json\/wp\/v2\/categories?post=4696"},{"taxonomy":"post_tag","embeddable":true,"href":"https:\/\/blogs.correiobraziliense.com.br\/vicente\/wp-json\/wp\/v2\/tags?post=4696"}],"curies":[{"name":"wp","href":"https:\/\/api.w.org\/{rel}","templated":true}]}}