{"id":4667,"date":"2017-04-18T11:10:35","date_gmt":"2017-04-18T14:10:35","guid":{"rendered":"https:\/\/blogs.correiobraziliense.com.br\/vicente\/?p=4667"},"modified":"2017-04-18T16:03:32","modified_gmt":"2017-04-18T19:03:32","slug":"governo-reduz-idade-de-aposentadoria-de-mulheres-para-62-anos","status":"publish","type":"post","link":"https:\/\/blogs.correiobraziliense.com.br\/vicente\/governo-reduz-idade-de-aposentadoria-de-mulheres-para-62-anos\/","title":{"rendered":"Governo reduz idade de aposentadoria de mulheres para 62 anos"},"content":{"rendered":"<h2>O governo decidiu reduzir, de 65 anos para 62 anos, a idade m\u00ednima que as mulheres poder\u00e3o se aposentar ap\u00f3s a reforma da Previd\u00eancia Social. A mudan\u00e7a foi feita no substitutivo do projeto original encaminhado ao Congresso. O tempo m\u00ednimo de contribui\u00e7\u00e3o ser\u00e1 de 25 anos. Para os homens, foi mantida idade m\u00ednima de 65 anos.<\/h2>\n<p>&nbsp;<\/p>\n<p>Pelo substitutivo, o valor dos benef\u00edcios ap\u00f3s a reforma ser\u00e1 de 70%, em m\u00e9dia, mais 1,5% para cada ano que superar os 25 anos de tempo de contribui\u00e7\u00e3o mais 2% para o que superar 30 anos e mais 2,5% para quem contribuir por mais de 35 anos, at\u00e9 atingir 100% do teto fixado pelo Instituto Nacional do Seguro Social (INSS).<\/p>\n<p>&nbsp;<\/p>\n<p>O governo manteve o trecho do projeto original de reforma, que garante, para efeito de c\u00e1lculo da aposentadoria, 100% dos sal\u00e1rios recebidos desde 1994. Todos ser\u00e3o computados para a m\u00e9dia do benef\u00edcio.<\/p>\n<p>&nbsp;<\/p>\n<p><strong>Transi\u00e7\u00e3o<\/strong><\/p>\n<p>&nbsp;<\/p>\n<p>Outra defini\u00e7\u00e3o no substitutivo da reforma: uma lei estabelecer\u00e1 a forma como se dar\u00e1 o aumento da idade m\u00ednima em raz\u00e3o da melhora da expectativa de vida da popula\u00e7\u00e3o. No texto original, n\u00e3o havia a especifica\u00e7\u00e3o de que haveria uma lei para isso.<\/p>\n<p>&nbsp;<\/p>\n<p>A redu\u00e7\u00e3o da idade m\u00ednima para aposentadoria das mulheres, de 65 para 62 anos, foi uma forma que o governo encontrou para reduzir as resist\u00eancias \u00e0 aprova\u00e7\u00e3o da reforma da Previd\u00eancia pelo Congresso. Ontem, o presidente Michel Temer se reuniu com a bancada feminina e ouviu apelos para que a idade m\u00ednima para as trabalhadoras fosse menor.<\/p>\n<p>&nbsp;<\/p>\n<p>O governo fez uma s\u00e9rie de ajustes ao projeto original da reforma da Previd\u00eancia certo de que, assim, quebrar\u00e1 todas as resist\u00eancias e conseguir\u00e1 acelerar a tramita\u00e7\u00e3o no Legislativo. Todos os ajustes constantes no substitutivo foram negociados com representantes da base aliada.<\/p>\n<p>&nbsp;<\/p>\n<p>O governo aposta que conseguir\u00e1 aprovar a reforma, no m\u00e1ximo, at\u00e9 outubro deste ano. A meta inicial era sancionar as mudan\u00e7as no sistema previdenci\u00e1rio, no m\u00e1ximo, em julho.<\/p>\n<p>&nbsp;<\/p>\n<p>Veja todos os pontos do substitutivo do relator da reforma, deputado Arthur Maia. <a href=\"\/Users\/8695\/Downloads\/SUBSTITUTIVO%20APRESENTA%C3%87%C3%83O%20RESUMIDA%20(2).pdf\">Clique aqui<\/a>.<\/p>\n<p>&nbsp;<\/p>\n<p><em>Bras\u00edlia, 11h37min\u00a0<\/em><\/p>\n","protected":false},"excerpt":{"rendered":"<p>O governo decidiu reduzir, de 65 anos para 62 anos, a idade m\u00ednima que as mulheres poder\u00e3o se aposentar ap\u00f3s a reforma da Previd\u00eancia Social. A mudan\u00e7a foi feita no substitutivo do projeto original encaminhado ao Congresso. O tempo m\u00ednimo de contribui\u00e7\u00e3o ser\u00e1 de 25 anos. Para os homens, foi mantida idade m\u00ednima de 65 [&hellip;]<\/p>\n","protected":false},"author":22,"featured_media":0,"comment_status":"open","ping_status":"closed","sticky":false,"template":"","format":"standard","meta":{"footnotes":""},"categories":[600],"tags":[2172,1165,1167,2171,933,2170],"class_list":["post-4667","post","type-post","status-publish","format-standard","hentry","category-economia","tag-62-anos","tag-65-anos","tag-homens","tag-mulheres","tag-reforma-da-previdencia","tag-substitutivo"],"_links":{"self":[{"href":"https:\/\/blogs.correiobraziliense.com.br\/vicente\/wp-json\/wp\/v2\/posts\/4667","targetHints":{"allow":["GET"]}}],"collection":[{"href":"https:\/\/blogs.correiobraziliense.com.br\/vicente\/wp-json\/wp\/v2\/posts"}],"about":[{"href":"https:\/\/blogs.correiobraziliense.com.br\/vicente\/wp-json\/wp\/v2\/types\/post"}],"author":[{"embeddable":true,"href":"https:\/\/blogs.correiobraziliense.com.br\/vicente\/wp-json\/wp\/v2\/users\/22"}],"replies":[{"embeddable":true,"href":"https:\/\/blogs.correiobraziliense.com.br\/vicente\/wp-json\/wp\/v2\/comments?post=4667"}],"version-history":[{"count":8,"href":"https:\/\/blogs.correiobraziliense.com.br\/vicente\/wp-json\/wp\/v2\/posts\/4667\/revisions"}],"predecessor-version":[{"id":4695,"href":"https:\/\/blogs.correiobraziliense.com.br\/vicente\/wp-json\/wp\/v2\/posts\/4667\/revisions\/4695"}],"wp:attachment":[{"href":"https:\/\/blogs.correiobraziliense.com.br\/vicente\/wp-json\/wp\/v2\/media?parent=4667"}],"wp:term":[{"taxonomy":"category","embeddable":true,"href":"https:\/\/blogs.correiobraziliense.com.br\/vicente\/wp-json\/wp\/v2\/categories?post=4667"},{"taxonomy":"post_tag","embeddable":true,"href":"https:\/\/blogs.correiobraziliense.com.br\/vicente\/wp-json\/wp\/v2\/tags?post=4667"}],"curies":[{"name":"wp","href":"https:\/\/api.w.org\/{rel}","templated":true}]}}