{"id":4652,"date":"2017-04-12T09:30:57","date_gmt":"2017-04-12T12:30:57","guid":{"rendered":"https:\/\/blogs.correiobraziliense.com.br\/vicente\/?p=4652"},"modified":"2017-04-12T10:52:51","modified_gmt":"2017-04-12T13:52:51","slug":"lista-de-fachin-enterra-corte-mais-rapido-dos-juros","status":"publish","type":"post","link":"https:\/\/blogs.correiobraziliense.com.br\/vicente\/lista-de-fachin-enterra-corte-mais-rapido-dos-juros\/","title":{"rendered":"Lista de Fachin enterra corte mais r\u00e1pido dos juros"},"content":{"rendered":"<h2>POR ANTONIO TEM\u00d3TEO<\/h2>\n<h2><\/h2>\n<h2>As chances de o Banco Central (BC) reduzir hoje a taxa b\u00e1sica de juros (Selic) em mais de um ponto percentual perderam for\u00e7a ap\u00f3s o vazamento da lista de pol\u00edticos delatados pelos executivos da Odebrecht na Lava-Jato. Poucos minutos ap\u00f3s o relator da opera\u00e7\u00e3o no STF, Edson Fachin, autorizar a abertura de inqu\u00e9rito para investigar ministros, parlamentares e governadores envolvidos no maior esquema de corrup\u00e7\u00e3o do pa\u00eds, os plen\u00e1rios do Senado Federal e da C\u00e2mara dos Deputados foram esvaziados. A vota\u00e7\u00e3o de socorro aos estados em crise financeira, por exemplo, foi adiada mais uma vez.<\/h2>\n<p>&nbsp;<\/p>\n<p>A escalada da crise pol\u00edtica trar\u00e1 dois problemas imediatos para a equipe econ\u00f4mica. Caso haja paralisia dos trabalhos no parlamento, a reforma da Previd\u00eancia ser\u00e1 engavetada e o ajuste das contas p\u00fablicas fracassar\u00e1. O risco pa\u00eds aumentar\u00e1, e h\u00e1 o risco de uma escalada do d\u00f3lar e de uma queda significativa da Bolsa de Valores de S\u00e3o Paulo (BM&amp;FBovespa).<\/p>\n<p>&nbsp;<\/p>\n<p>Ontem, o preg\u00e3o, que operava em leve alta, terminou o dia com queda de 0,45%, aos 64.360 pontos. J\u00e1 a moeda norte-americana teve t\u00edmida valoriza\u00e7\u00e3o de 0,13%, cotada a R$ 3,145. Com o risco de o imbr\u00f3glio pol\u00edtico paralisar o pa\u00eds novamente, o ritmo de cortes dos juros e o tamanho do ciclo de afrouxamento monet\u00e1rio ter\u00e3o de ser revistos pelo BC e pelo mercado. Apesar da agita\u00e7\u00e3o pol\u00edtica, o economista Alexandre Schwartsman, ex-diretor da autoridade monet\u00e1ria, avalia que a redu\u00e7\u00e3o de um ponto percentual da Selic na reuni\u00e3o de hoje \u00e9 certa.<\/p>\n<p>&nbsp;<\/p>\n<p>Segundo ele, o BC tem demonstrado, nas \u00faltimas comunica\u00e7\u00f5es, a cren\u00e7a de que a reforma da Previd\u00eancia ser\u00e1 aprovada mesmo com os ru\u00eddos pol\u00edticos dos \u00faltimos meses. Entretanto, Schwartsman alerta que, se a proposta for desidratada ou n\u00e3o receber o aval dos parlamentares, o processo de queda de juros ser\u00e1 comprometido. \u201cUm corte superior a um ponto percentual saiu do radar nesse momento. Mas, se a situa\u00e7\u00e3o piorar, a autoridade monet\u00e1ria n\u00e3o ter\u00e1 como justificar uma acelera\u00e7\u00e3o do ritmo de corte, mesmo que moderada\u201d, afirma.<\/p>\n<p>&nbsp;<\/p>\n<p>A cautela assumida pela equipe de Ilan Goldfajn diante de tantas incertezas desde a chegada de Michel Temer ao Pal\u00e1cio do Planalto \u00e9 acertada, avalia o economista Carlos Eduardo de Freitas, ex-diretor do BC. De acordo com ele, a atual gest\u00e3o da autoridade monet\u00e1ria tem m\u00e9ritos por consolidar o processo de queda das expectativas de infla\u00e7\u00e3o e iniciar o ciclo de afrouxamento monet\u00e1rio. Freitas destaca que esse processo precisa ser cuidadoso, diante das incertezas existentes e dos riscos inflacion\u00e1rios.<\/p>\n<p>&nbsp;<\/p>\n<p>O ex-diretor do BC comenta que os juros altos, a fraqueza da atividade econ\u00f4mica e a deteriora\u00e7\u00e3o fiscal levaram os investidores a fazer aplica\u00e7\u00f5es em renda fixa, o que aumentou significativamente o n\u00edvel de recursos encarteirados. Freitas ressalta que uma acelera\u00e7\u00e3o do ritmo de corte dos juros poderia trazer press\u00f5es inflacion\u00e1rias que n\u00e3o est\u00e3o no radar dos analistas e que os agentes financeiros se disporiam a tomar mais risco em busca de rentabilidade maior, j\u00e1 que os t\u00edtulos p\u00fablicos, por exemplo, pagariam menos. \u201cEstamos pagando pelos erros do passado, que repercutem agora. O BC deve analisar a quest\u00e3o da mesma maneira que um m\u00e9dico cuida de um paciente com press\u00e3o alta. Fazendo medi\u00e7\u00f5es peri\u00f3dicas para avaliar o processo de melhora, os riscos envolvidos e o melhor rem\u00e9dio\u201d, destaca.<\/p>\n<p>&nbsp;<\/p>\n<p><strong>Habilidade pol\u00edtica<\/strong><\/p>\n<p>&nbsp;<\/p>\n<p>Toda a instabilidade trar\u00e1 mais um desafio para a lista de Michel Temer. Mais do que nunca, ele ter\u00e1 de usar toda a sua habilidade para convencer a base aliada de que, mesmo alvejada pela Lava-Jato, aprovar a reforma da Previd\u00eancia \u00e9 essencial para o pa\u00eds voltar a crescer. As d\u00e9cadas de experi\u00eancia como parlamentar ser\u00e3o colocadas \u00e0 prova em um momento delicad\u00edssimo tanto para a economia quando para a pol\u00edtica.<\/p>\n<p>&nbsp;<\/p>\n<p>Vale lembrar que o chefe do Executivo se comprometeu a afastar temporariamente todos os ministros que fossem denunciados pelo Minist\u00e9rio P\u00fablico Federal (MPF) e fossem investigados com autoriza\u00e7\u00e3o do Supremo Tribunal Federal (STF). Essa promessa trar\u00e1 uma dor de cabe\u00e7a adicional a Temer em um momento que precisar\u00e1 dos subordinados para convencer os parlamentares a votar favoravelmente \u00e0 aprova\u00e7\u00e3o da reforma da Previd\u00eancia.<\/p>\n<p>&nbsp;<\/p>\n<p>De olho nas elei\u00e7\u00f5es do pr\u00f3ximo ano, muitos deputados e senadores, em tese, teriam de explicar aos eleitores o suposto envolvimento no maior esquema de corrup\u00e7\u00e3o do pa\u00eds e uma \u201cretirada\u201d de direitos com as mudan\u00e7as nas regras para concess\u00e3o de benef\u00edcios do Instituto Nacional do Seguro Social (INSS). Entretanto, a reforma \u00e9 essencial para o Brasil voltar a crescer. Mas ela precisa afetar, igualmente, homens e mulheres, servidores p\u00fablicos e militares, al\u00e9m de acabar com os privil\u00e9gios e distor\u00e7\u00f5es ainda existentes.<\/p>\n<p>&nbsp;<\/p>\n<p>O que precisa ficar claro para a sociedade \u00e9 que um pa\u00eds com juros baixos e justos, al\u00e9m de uma economia que gera empregos, dependem de contas p\u00fablicas equilibradas para atrair investimentos. No pa\u00eds das desigualdades, o futuro de muitos j\u00e1 foi hipotecado e o risco de perdemos o pouco que ainda resta \u00e9 enorme.<\/p>\n<p>&nbsp;<\/p>\n<p><em>Bras\u00edlia, 09h30min<\/em><\/p>\n","protected":false},"excerpt":{"rendered":"<p>POR ANTONIO TEM\u00d3TEO As chances de o Banco Central (BC) reduzir hoje a taxa b\u00e1sica de juros (Selic) em mais de um ponto percentual perderam for\u00e7a ap\u00f3s o vazamento da lista de pol\u00edticos delatados pelos executivos da Odebrecht na Lava-Jato. Poucos minutos ap\u00f3s o relator da opera\u00e7\u00e3o no STF, Edson Fachin, autorizar a abertura de [&hellip;]<\/p>\n","protected":false},"author":22,"featured_media":0,"comment_status":"open","ping_status":"closed","sticky":false,"template":"","format":"standard","meta":{"footnotes":""},"categories":[600],"tags":[2165,408,4,41,111,39],"class_list":["post-4652","post","type-post","status-publish","format-standard","hentry","category-economia","tag-edosn-fachin","tag-inss","tag-juros","tag-lava-jato","tag-michel-temer","tag-supremo-tribunal-federal"],"_links":{"self":[{"href":"https:\/\/blogs.correiobraziliense.com.br\/vicente\/wp-json\/wp\/v2\/posts\/4652","targetHints":{"allow":["GET"]}}],"collection":[{"href":"https:\/\/blogs.correiobraziliense.com.br\/vicente\/wp-json\/wp\/v2\/posts"}],"about":[{"href":"https:\/\/blogs.correiobraziliense.com.br\/vicente\/wp-json\/wp\/v2\/types\/post"}],"author":[{"embeddable":true,"href":"https:\/\/blogs.correiobraziliense.com.br\/vicente\/wp-json\/wp\/v2\/users\/22"}],"replies":[{"embeddable":true,"href":"https:\/\/blogs.correiobraziliense.com.br\/vicente\/wp-json\/wp\/v2\/comments?post=4652"}],"version-history":[{"count":1,"href":"https:\/\/blogs.correiobraziliense.com.br\/vicente\/wp-json\/wp\/v2\/posts\/4652\/revisions"}],"predecessor-version":[{"id":4653,"href":"https:\/\/blogs.correiobraziliense.com.br\/vicente\/wp-json\/wp\/v2\/posts\/4652\/revisions\/4653"}],"wp:attachment":[{"href":"https:\/\/blogs.correiobraziliense.com.br\/vicente\/wp-json\/wp\/v2\/media?parent=4652"}],"wp:term":[{"taxonomy":"category","embeddable":true,"href":"https:\/\/blogs.correiobraziliense.com.br\/vicente\/wp-json\/wp\/v2\/categories?post=4652"},{"taxonomy":"post_tag","embeddable":true,"href":"https:\/\/blogs.correiobraziliense.com.br\/vicente\/wp-json\/wp\/v2\/tags?post=4652"}],"curies":[{"name":"wp","href":"https:\/\/api.w.org\/{rel}","templated":true}]}}