{"id":4614,"date":"2017-04-07T14:30:17","date_gmt":"2017-04-07T17:30:17","guid":{"rendered":"https:\/\/blogs.correiobraziliense.com.br\/vicente\/?p=4614"},"modified":"2017-04-07T18:46:21","modified_gmt":"2017-04-07T21:46:21","slug":"deficit-das-contas-publicas-em-2018-sera-de-r-129-bi","status":"publish","type":"post","link":"https:\/\/blogs.correiobraziliense.com.br\/vicente\/deficit-das-contas-publicas-em-2018-sera-de-r-129-bi\/","title":{"rendered":"Deficit das contas p\u00fablicas em 2018 ser\u00e1 de R$ 129 bi"},"content":{"rendered":"<h2>ROSANA HESSEL<\/h2>\n<h2><\/h2>\n<h2>O rombo fiscal nas contas p\u00fablicas em 2018 ser\u00e1 de at\u00e9 R$ 129 bilh\u00f5es definiu o governo. Ser\u00e1 um aumento de R$ 50\u00a0bilh\u00f5es sobre os R$ 79 bilh\u00f5es previstos anteriormente. Para 2019, em vez de ter as contas zeradas, o buraco ser\u00e1 de R$ 65 bilh\u00f5es. Somente em 2020, as contas dever\u00e3o entrar no azul, com superavit de R$ 10 bilh\u00f5es.<\/h2>\n<p>&nbsp;<\/p>\n<p>Esses n\u00fameros mostram que o governo n\u00e3o est\u00e1 conseguindo fazer o t\u00e3o esperado ajuste fiscal. A situa\u00e7\u00e3o das contas p\u00fablicas \u00e9 dram\u00e1tica, pois a recupera\u00e7\u00e3o da economia est\u00e1 mais lenta que o esperado, o que afeta demais a arrecada\u00e7\u00e3o.<\/p>\n<p>&nbsp;<\/p>\n<p>Segundo o ministro do Planejamento, Dyogo de Oliveira, as novas metas fiscais s\u00e3o cr\u00edveis e decorrem das dificuldades enfrentadas pela economia para sair da recess\u00e3o. &#8220;H\u00e1 um atraso na recupera\u00e7\u00e3o das receitas. As empresas est\u00e3o acumulando cr\u00e9ditos fiscais em decorr\u00eancia dos preju\u00edzos contabilizados nos \u00faltimos anos, por causa da recess\u00e3o&#8221;, diz Dyogo.<\/p>\n<p>&nbsp;<\/p>\n<p>O ministro da Fazenda, Henrique Meirelles, garante que a recupera\u00e7\u00e3o da economia est\u00e1 em andamento. Ele ressalta que, em 2017, o Produto Interno Bruto (PIB) deve crescer 0,5%, ainda travado pelos estragos provocados na economia pela gest\u00e3o de Dilma Rousseff.<\/p>\n<p>&nbsp;<\/p>\n<p>Para 2018, a aposta de de avan\u00e7o de 2,5% do PIB, \u00edndice que deve se repetir em 2019. J\u00e1 em 2020, a economia tende a crescer 2,6%. N\u00e3o \u00e9 muito, mas na avalia\u00e7\u00e3o do ministro da Fazenda, ser\u00e1 um incremento constante. Nesse ritmo, por\u00e9m, a redu\u00e7\u00e3o do desemprego ser\u00e1 mais lenta. Hoje, s\u00e3o 13,5 milh\u00f5es de desocupados, um recorde.<\/p>\n<p>&nbsp;<\/p>\n<p>Quanto \u00e0 infla\u00e7\u00e3o, Meirelles assinala que as proje\u00e7\u00f5es, conservadoras, apontam para alta de 4,3% neste ano, e para 4,5%, o centro da meta definida pelo Conselho Monet\u00e1rio Nacional (CMN) em 2018, 2019 e 2020.<\/p>\n<p>&nbsp;<\/p>\n<p>O governo acredita que, ao dar transpar\u00eancia \u00e0s quest\u00f5es fiscais, os investidores refor\u00e7am a confian\u00e7a na condu\u00e7\u00e3o da pol\u00edtica econ\u00f4mica. Para este ano, a meta fiscal est\u00e1 mantida em R$ 139 bilh\u00f5es de deficit. Mas n\u00e3o ser\u00e1 f\u00e1cil para o governo entreg\u00e1-la.<\/p>\n<p>&nbsp;<\/p>\n<p><em>Bras\u00edlia, 14h30min<\/em><\/p>\n","protected":false},"excerpt":{"rendered":"<p>ROSANA HESSEL O rombo fiscal nas contas p\u00fablicas em 2018 ser\u00e1 de at\u00e9 R$ 129 bilh\u00f5es definiu o governo. Ser\u00e1 um aumento de R$ 50\u00a0bilh\u00f5es sobre os R$ 79 bilh\u00f5es previstos anteriormente. Para 2019, em vez de ter as contas zeradas, o buraco ser\u00e1 de R$ 65 bilh\u00f5es. Somente em 2020, as contas dever\u00e3o entrar [&hellip;]<\/p>\n","protected":false},"author":22,"featured_media":0,"comment_status":"open","ping_status":"closed","sticky":false,"template":"","format":"standard","meta":{"footnotes":""},"categories":[600],"tags":[489,542,113,2155,158,21,14,4,58],"class_list":["post-4614","post","type-post","status-publish","format-standard","hentry","category-economia","tag-489","tag-contas-publicas","tag-crescimento","tag-deficit-maior","tag-dyogo-de-oliveira","tag-henrique-meirelles","tag-inflacao","tag-juros","tag-pib"],"_links":{"self":[{"href":"https:\/\/blogs.correiobraziliense.com.br\/vicente\/wp-json\/wp\/v2\/posts\/4614","targetHints":{"allow":["GET"]}}],"collection":[{"href":"https:\/\/blogs.correiobraziliense.com.br\/vicente\/wp-json\/wp\/v2\/posts"}],"about":[{"href":"https:\/\/blogs.correiobraziliense.com.br\/vicente\/wp-json\/wp\/v2\/types\/post"}],"author":[{"embeddable":true,"href":"https:\/\/blogs.correiobraziliense.com.br\/vicente\/wp-json\/wp\/v2\/users\/22"}],"replies":[{"embeddable":true,"href":"https:\/\/blogs.correiobraziliense.com.br\/vicente\/wp-json\/wp\/v2\/comments?post=4614"}],"version-history":[{"count":9,"href":"https:\/\/blogs.correiobraziliense.com.br\/vicente\/wp-json\/wp\/v2\/posts\/4614\/revisions"}],"predecessor-version":[{"id":4627,"href":"https:\/\/blogs.correiobraziliense.com.br\/vicente\/wp-json\/wp\/v2\/posts\/4614\/revisions\/4627"}],"wp:attachment":[{"href":"https:\/\/blogs.correiobraziliense.com.br\/vicente\/wp-json\/wp\/v2\/media?parent=4614"}],"wp:term":[{"taxonomy":"category","embeddable":true,"href":"https:\/\/blogs.correiobraziliense.com.br\/vicente\/wp-json\/wp\/v2\/categories?post=4614"},{"taxonomy":"post_tag","embeddable":true,"href":"https:\/\/blogs.correiobraziliense.com.br\/vicente\/wp-json\/wp\/v2\/tags?post=4614"}],"curies":[{"name":"wp","href":"https:\/\/api.w.org\/{rel}","templated":true}]}}