{"id":4610,"date":"2017-04-07T10:03:49","date_gmt":"2017-04-07T13:03:49","guid":{"rendered":"https:\/\/blogs.correiobraziliense.com.br\/vicente\/?p=4610"},"modified":"2017-04-07T18:21:51","modified_gmt":"2017-04-07T21:21:51","slug":"brasilia-registra-deflacao-por-dois-meses-seguido","status":"publish","type":"post","link":"https:\/\/blogs.correiobraziliense.com.br\/vicente\/brasilia-registra-deflacao-por-dois-meses-seguido\/","title":{"rendered":"Bras\u00edlia registra defla\u00e7\u00e3o por dois meses seguidos"},"content":{"rendered":"<p>A perda de for\u00e7a da infla\u00e7\u00e3o est\u00e1 sendo mais intensa no Distrito Federal. Dados divulgados hoje pelo Instituto Brasileiro de Geografia e Estat\u00edstica (IBGE) mostram que, pelo segundo m\u00eas seguido, o custo de vida caiu na capital do pa\u00eds. Isso mesmo, Bras\u00edlia registra defla\u00e7\u00e3o h\u00e1 dois meses seguidos.<\/p>\n<p>&nbsp;<\/p>\n<p>Em mar\u00e7o, a defla\u00e7\u00e3o foi de 0,02%. Em fevereiro, havia sido de 0,03%. Pode parecer pouco, mas n\u00e3o \u00e9. Significa que, na m\u00e9dia, os produtos e servi\u00e7os pesquisados pelo IBGE est\u00e3o ficando mais baratos. Em nenhum outra capital acompanhada pelo IBGE se registra caso semelhante. Em fevereiro, houve defla\u00e7\u00e3o de 0,39% em Goi\u00e2nia, mais o \u00edndice voltou a ficar positivo em mar\u00e7o. No m\u00eas passado, houve defla\u00e7\u00e3o de 0,04% em Belo Horizonte.<\/p>\n<p>&nbsp;<\/p>\n<p>Como em todo o pa\u00eds, a infla\u00e7\u00e3o est\u00e1 sendo empurrada ladeira abaixo em Bras\u00edlia pelos pre\u00e7os dos alimentos, das bebidas e dos artigos de vestu\u00e1rio. Mas, na capital do pa\u00eds, t\u00eam ajudado ainda a manter o custo de vida no campo negativo os pre\u00e7os dos combust\u00edveis, que baixaram consideravelmente nas \u00faltimas duas semanas. Com as vendas em baixa, os postos passaram a fazer promo\u00e7\u00f5es, com o litro da gasolina vendido por R$ 3,39.<\/p>\n<p>&nbsp;<\/p>\n<p><strong>Faltam os juros<\/strong><\/p>\n<p>&nbsp;<\/p>\n<p>Para os consumidores, mesmo com a defla\u00e7\u00e3o por dois meses seguidos, o custo de vida ainda est\u00e1 muito pesado em Bras\u00edlia. &#8220;Realmente, alguns produtos ficaram mais baratos, mas, na m\u00e9dia, a conta do supermercado continua salgada&#8221;, diz a aposentada Sandra Conforti, 56 anos.<\/p>\n<p>&nbsp;<\/p>\n<p>Ela ressalta que frutas, legumes, carne e feij\u00e3o est\u00e3o com pre\u00e7os em queda. Em compensa\u00e7\u00e3o, os produtos de limpeza continuam com os pre\u00e7os em alta. &#8220;Ser\u00e1 preciso que os pre\u00e7os continuem caindo por mais alguns meses para que, realmente, a gente sinta um al\u00edvio no or\u00e7amento&#8221;, ressalta a aposentada.<\/p>\n<p>&nbsp;<\/p>\n<p>Os consumidores dizem ainda que n\u00e3o basta apenas a infla\u00e7\u00e3o perder for\u00e7a, \u00e9 preciso que os juros tamb\u00e9m ca\u00edam. &#8220;Como n\u00e3o temos dinheiro suficiente para comprar \u00e0 vista, temos que financiar muita coisa. Mas os juros est\u00e3o alto demais. As presta\u00e7\u00f5es n\u00e3o se encaixam no nosso bolso&#8221;, assinala a professora C\u00edntia Sim\u00f5es, 39.<\/p>\n<p>&nbsp;<\/p>\n<p><em>Bras\u00edlia, 10h03min<\/em><\/p>\n","protected":false},"excerpt":{"rendered":"<p>A perda de for\u00e7a da infla\u00e7\u00e3o est\u00e1 sendo mais intensa no Distrito Federal. Dados divulgados hoje pelo Instituto Brasileiro de Geografia e Estat\u00edstica (IBGE) mostram que, pelo segundo m\u00eas seguido, o custo de vida caiu na capital do pa\u00eds. Isso mesmo, Bras\u00edlia registra defla\u00e7\u00e3o h\u00e1 dois meses seguidos. &nbsp; Em mar\u00e7o, a defla\u00e7\u00e3o foi de [&hellip;]<\/p>\n","protected":false},"author":22,"featured_media":0,"comment_status":"open","ping_status":"closed","sticky":false,"template":"","format":"standard","meta":{"footnotes":""},"categories":[600],"tags":[210,2151,926,1437,268,14,4],"class_list":["post-4610","post","type-post","status-publish","format-standard","hentry","category-economia","tag-alimentos","tag-bebidas","tag-brasilia","tag-deflacao","tag-gasolina","tag-inflacao","tag-juros"],"_links":{"self":[{"href":"https:\/\/blogs.correiobraziliense.com.br\/vicente\/wp-json\/wp\/v2\/posts\/4610","targetHints":{"allow":["GET"]}}],"collection":[{"href":"https:\/\/blogs.correiobraziliense.com.br\/vicente\/wp-json\/wp\/v2\/posts"}],"about":[{"href":"https:\/\/blogs.correiobraziliense.com.br\/vicente\/wp-json\/wp\/v2\/types\/post"}],"author":[{"embeddable":true,"href":"https:\/\/blogs.correiobraziliense.com.br\/vicente\/wp-json\/wp\/v2\/users\/22"}],"replies":[{"embeddable":true,"href":"https:\/\/blogs.correiobraziliense.com.br\/vicente\/wp-json\/wp\/v2\/comments?post=4610"}],"version-history":[{"count":2,"href":"https:\/\/blogs.correiobraziliense.com.br\/vicente\/wp-json\/wp\/v2\/posts\/4610\/revisions"}],"predecessor-version":[{"id":4633,"href":"https:\/\/blogs.correiobraziliense.com.br\/vicente\/wp-json\/wp\/v2\/posts\/4610\/revisions\/4633"}],"wp:attachment":[{"href":"https:\/\/blogs.correiobraziliense.com.br\/vicente\/wp-json\/wp\/v2\/media?parent=4610"}],"wp:term":[{"taxonomy":"category","embeddable":true,"href":"https:\/\/blogs.correiobraziliense.com.br\/vicente\/wp-json\/wp\/v2\/categories?post=4610"},{"taxonomy":"post_tag","embeddable":true,"href":"https:\/\/blogs.correiobraziliense.com.br\/vicente\/wp-json\/wp\/v2\/tags?post=4610"}],"curies":[{"name":"wp","href":"https:\/\/api.w.org\/{rel}","templated":true}]}}