{"id":4601,"date":"2017-04-06T15:16:26","date_gmt":"2017-04-06T18:16:26","guid":{"rendered":"https:\/\/blogs.correiobraziliense.com.br\/vicente\/?p=4601"},"modified":"2017-04-06T15:16:26","modified_gmt":"2017-04-06T18:16:26","slug":"poupanca-tem-saldo-negativo-de-r-499-bilhoes-em-marco","status":"publish","type":"post","link":"https:\/\/blogs.correiobraziliense.com.br\/vicente\/poupanca-tem-saldo-negativo-de-r-499-bilhoes-em-marco\/","title":{"rendered":"Poupan\u00e7a tem saldo negativo de R$ 4,99 bilh\u00f5es em mar\u00e7o"},"content":{"rendered":"<p>POR ANTONIO TEM\u00d3TEO<\/p>\n<p>&nbsp;<\/p>\n<p>Os saques superam os dep\u00f3sitos na poupan\u00e7a em R$ 4,99 bilh\u00f5es em mar\u00e7o, conforme dados divulgados pelo Banco Central (BC). O resultado \u00e9 199% maior do que o registrado em fevereiro. Entretanto, em rela\u00e7\u00e3o ao mesmo per\u00edodo do ano passado, a queda \u00e9 de 7,1%.<\/p>\n<p>&nbsp;<\/p>\n<p>Entre janeiro e mar\u00e7o, os brasileiros o saldo da poupan\u00e7a \u00e9 negativo em R$ 17,4 bilh\u00f5es. O aumento do desemprego tem levado os brasileiros a usar as economias para tentar manter as contas em dia. Entretanto, nem isso tem sido suficiente para reduzir o n\u00edvel de endividamento das fam\u00edlias.<\/p>\n<p>&nbsp;<\/p>\n<p>De olho na necessidade das fam\u00edlias de colocar as contas em dia, o governo decidiu antecipar os saques das contas inativas do Fundo de Garantia do Tempo de Servi\u00e7o (FGTS) para quem nasceu em mar\u00e7o, abril e maio.<\/p>\n<p>&nbsp;<\/p>\n<p>Esse grupo, que poderia retirar os recursos a partir de 10 de abril, ter\u00e1 a acesso ao dinheiro a partir de 8 de abril. A medida deve beneficiar 7,7 milh\u00f5es de trabalhadores que poder\u00e3o sacar R$ 11,2 bilh\u00f5es<\/p>\n","protected":false},"excerpt":{"rendered":"<p>POR ANTONIO TEM\u00d3TEO &nbsp; Os saques superam os dep\u00f3sitos na poupan\u00e7a em R$ 4,99 bilh\u00f5es em mar\u00e7o, conforme dados divulgados pelo Banco Central (BC). O resultado \u00e9 199% maior do que o registrado em fevereiro. Entretanto, em rela\u00e7\u00e3o ao mesmo per\u00edodo do ano passado, a queda \u00e9 de 7,1%. &nbsp; Entre janeiro e mar\u00e7o, os [&hellip;]<\/p>\n","protected":false},"author":22,"featured_media":0,"comment_status":"open","ping_status":"closed","sticky":false,"template":"","format":"standard","meta":{"footnotes":""},"categories":[600],"tags":[76,2142,436],"class_list":["post-4601","post","type-post","status-publish","format-standard","hentry","category-economia","tag-deficit","tag-marco","tag-poupanca"],"_links":{"self":[{"href":"https:\/\/blogs.correiobraziliense.com.br\/vicente\/wp-json\/wp\/v2\/posts\/4601","targetHints":{"allow":["GET"]}}],"collection":[{"href":"https:\/\/blogs.correiobraziliense.com.br\/vicente\/wp-json\/wp\/v2\/posts"}],"about":[{"href":"https:\/\/blogs.correiobraziliense.com.br\/vicente\/wp-json\/wp\/v2\/types\/post"}],"author":[{"embeddable":true,"href":"https:\/\/blogs.correiobraziliense.com.br\/vicente\/wp-json\/wp\/v2\/users\/22"}],"replies":[{"embeddable":true,"href":"https:\/\/blogs.correiobraziliense.com.br\/vicente\/wp-json\/wp\/v2\/comments?post=4601"}],"version-history":[{"count":1,"href":"https:\/\/blogs.correiobraziliense.com.br\/vicente\/wp-json\/wp\/v2\/posts\/4601\/revisions"}],"predecessor-version":[{"id":4602,"href":"https:\/\/blogs.correiobraziliense.com.br\/vicente\/wp-json\/wp\/v2\/posts\/4601\/revisions\/4602"}],"wp:attachment":[{"href":"https:\/\/blogs.correiobraziliense.com.br\/vicente\/wp-json\/wp\/v2\/media?parent=4601"}],"wp:term":[{"taxonomy":"category","embeddable":true,"href":"https:\/\/blogs.correiobraziliense.com.br\/vicente\/wp-json\/wp\/v2\/categories?post=4601"},{"taxonomy":"post_tag","embeddable":true,"href":"https:\/\/blogs.correiobraziliense.com.br\/vicente\/wp-json\/wp\/v2\/tags?post=4601"}],"curies":[{"name":"wp","href":"https:\/\/api.w.org\/{rel}","templated":true}]}}