{"id":4597,"date":"2017-04-06T06:30:12","date_gmt":"2017-04-06T09:30:12","guid":{"rendered":"https:\/\/blogs.correiobraziliense.com.br\/vicente\/?p=4597"},"modified":"2017-04-06T10:54:06","modified_gmt":"2017-04-06T13:54:06","slug":"tse-devolve-o-poder-da-caneta-para-temer","status":"publish","type":"post","link":"https:\/\/blogs.correiobraziliense.com.br\/vicente\/tse-devolve-o-poder-da-caneta-para-temer\/","title":{"rendered":"TSE devolve o poder da caneta para Temer"},"content":{"rendered":"<h2>Os investidores est\u00e3o convencidos de que o presidente Michel Temer ficou mais forte com a decis\u00e3o do Tribunal Superior Eleitoral (TSE) de adiar o julgamento da chapa na qual ele foi vice de Dilma Rousseff nas elei\u00e7\u00f5es de 2014. Parte importante do mercado avaliava, nos dias que antecederam a vota\u00e7\u00e3o do processo no TSE, que Temer estava acuado, o que permitiu, por exemplo, a gritaria do senador Renan Calheiros (PMDB-AL) contra o governo. Na vis\u00e3o de analistas, Temer se sentia desconfort\u00e1vel diante de uma poss\u00edvel cassa\u00e7\u00e3o de seu mandato. Agora, acreditam os donos do dinheiro, o TSE devolveu o poder da caneta para Temer.<\/h2>\n<p>&nbsp;<\/p>\n<p>A expectativa dos investidores \u00e9 de que o peemedebista aproveite a janela que lhe foi aberta para avan\u00e7ar na reforma da Previd\u00eancia. Todos os levantamentos feitos pelo governo mostram que, em meio \u00e0 expectativa do que seria o julgamento do TSE, houve um crescimento importante no n\u00famero de integrantes da base aliada que ficaram refrat\u00e1rios \u00e0s mudan\u00e7as propostas pelo Pal\u00e1cio do Planalto para o sistema previdenci\u00e1rio. Esse movimento, por\u00e9m, deve ser revertido diante da sobrevida que o presidente ganhou. Para os investidores, aumentaram as chances de ele terminar o mandato em 2018. Dono da caneta para nomea\u00e7\u00f5es e libera\u00e7\u00e3o de verbas, conseguir\u00e1 reduzir significativamente no Congresso a rejei\u00e7\u00e3o \u00e0 reforma.<\/p>\n<p>&nbsp;<\/p>\n<p>Temer, inclusive, fez quest\u00e3o de ressaltar, nas conversas que manteve com aliados, que h\u00e1 um espa\u00e7o expressivo para o governo agir. O Planalto j\u00e1 identificou onde est\u00e3o os principais focos de rejei\u00e7\u00e3o \u00e0 reforma da Previd\u00eancia na base aliada e definiu as estrat\u00e9gias que usar\u00e1, nas pr\u00f3ximas duas semanas, para dirimir todas as d\u00favidas. Todos os 411 deputados que, teoricamente, apoiam o governo, foram monitorados. E o presidente acredita que a maioria deles acabar\u00e1 votando a favor das reformas, sobretudo porque h\u00e1 uma disposi\u00e7\u00e3o clara do governo de abrir m\u00e3o de alguns pontos. As contas do Planalto indicam que cerca de 80% do projeto original encaminhado ao Congresso ser\u00e3o mantidos. \u00c9 quest\u00e3o de honra a defini\u00e7\u00e3o de uma idade m\u00ednima para a aposentadoria, mesmo que ligeiramente inferior aos 65 anos definidos para homens e mulheres.<\/p>\n<p>&nbsp;<\/p>\n<p><strong>Ligado nos juros<\/strong><\/p>\n<p>&nbsp;<\/p>\n<p>Ao mesmo tempo em que acompanha, passo a passo, o andamento da reforma da Previd\u00eancia no Legislativo, o governo est\u00e1 ligado nos passos que ser\u00e3o dados pelo Banco Central na pr\u00f3xima semana, em rela\u00e7\u00e3o \u00e0 taxa b\u00e1sica de juros (Selic). O que mais se diz nos corredores do Planalto, quando os juros entram na conversa, \u00e9 que n\u00e3o h\u00e1 como o BC decepcionar. Se j\u00e1 havia uma quase certeza de que a Selic cair\u00e1 ao menos um ponto percentual na reuni\u00e3o do Comit\u00ea de Pol\u00edtica Monet\u00e1ria (Copom) dos dias 11 e 12 de abril, com a divulga\u00e7\u00e3o de que o BC errou nas suas proje\u00e7\u00f5es de infla\u00e7\u00e3o \u2014 os novos n\u00fameros mostram 3,6% para este ano e 3,3% para 2018 \u2014, h\u00e1 quem j\u00e1 fale em queda de at\u00e9 1,5 ponto.<\/p>\n<p>&nbsp;<\/p>\n<p>\u201cO BC precisa dar sua cota de contribui\u00e7\u00e3o neste momento. Fala tanto que a reforma da Previd\u00eancia \u00e9 fundamental para a queda dos juros, mas poderia acelerar o passo nos cortes da Selic, pois isso ter\u00e1 enorme repercuss\u00e3o no humor de deputados e senadores\u201d, diz um dos assessores de Temer. Para ele, os parlamentares precisam ver que todos os atores do governo est\u00e3o seguindo em uma mesma dire\u00e7\u00e3o, cujo resultado final ser\u00e1 a retomada do crescimento econ\u00f4mico. \u201cNingu\u00e9m est\u00e1 botando a faca no pesco\u00e7o dos diretores do BC. Mas n\u00e3o podemos esquecer que, ao errarem as proje\u00e7\u00f5es para a infla\u00e7\u00e3o, pesaram a m\u00e3o no conservadorismo e impuseram um custo adicional \u00e0 economia. Os juros poderiam ter ca\u00eddo mais do que os dois pontos reduzidos desde outubro do ano passado\u201d, acrescenta.<\/p>\n<p>&nbsp;<\/p>\n<p><em>Bras\u00edlia, 06h30min<\/em><\/p>\n","protected":false},"excerpt":{"rendered":"<p>Os investidores est\u00e3o convencidos de que o presidente Michel Temer ficou mais forte com a decis\u00e3o do Tribunal Superior Eleitoral (TSE) de adiar o julgamento da chapa na qual ele foi vice de Dilma Rousseff nas elei\u00e7\u00f5es de 2014. Parte importante do mercado avaliava, nos dias que antecederam a vota\u00e7\u00e3o do processo no TSE, que [&hellip;]<\/p>\n","protected":false},"author":22,"featured_media":0,"comment_status":"open","ping_status":"closed","sticky":false,"template":"","format":"standard","meta":{"footnotes":""},"categories":[600],"tags":[3,2141,4,111,1036,1217],"class_list":["post-4597","post","type-post","status-publish","format-standard","hentry","category-economia","tag-banco-central","tag-cassacao-de-chapa","tag-juros","tag-michel-temer","tag-tribunal-superior-eleitoral","tag-tse"],"_links":{"self":[{"href":"https:\/\/blogs.correiobraziliense.com.br\/vicente\/wp-json\/wp\/v2\/posts\/4597","targetHints":{"allow":["GET"]}}],"collection":[{"href":"https:\/\/blogs.correiobraziliense.com.br\/vicente\/wp-json\/wp\/v2\/posts"}],"about":[{"href":"https:\/\/blogs.correiobraziliense.com.br\/vicente\/wp-json\/wp\/v2\/types\/post"}],"author":[{"embeddable":true,"href":"https:\/\/blogs.correiobraziliense.com.br\/vicente\/wp-json\/wp\/v2\/users\/22"}],"replies":[{"embeddable":true,"href":"https:\/\/blogs.correiobraziliense.com.br\/vicente\/wp-json\/wp\/v2\/comments?post=4597"}],"version-history":[{"count":1,"href":"https:\/\/blogs.correiobraziliense.com.br\/vicente\/wp-json\/wp\/v2\/posts\/4597\/revisions"}],"predecessor-version":[{"id":4598,"href":"https:\/\/blogs.correiobraziliense.com.br\/vicente\/wp-json\/wp\/v2\/posts\/4597\/revisions\/4598"}],"wp:attachment":[{"href":"https:\/\/blogs.correiobraziliense.com.br\/vicente\/wp-json\/wp\/v2\/media?parent=4597"}],"wp:term":[{"taxonomy":"category","embeddable":true,"href":"https:\/\/blogs.correiobraziliense.com.br\/vicente\/wp-json\/wp\/v2\/categories?post=4597"},{"taxonomy":"post_tag","embeddable":true,"href":"https:\/\/blogs.correiobraziliense.com.br\/vicente\/wp-json\/wp\/v2\/tags?post=4597"}],"curies":[{"name":"wp","href":"https:\/\/api.w.org\/{rel}","templated":true}]}}