{"id":4592,"date":"2017-04-04T19:23:21","date_gmt":"2017-04-04T22:23:21","guid":{"rendered":"https:\/\/blogs.correiobraziliense.com.br\/vicente\/?p=4592"},"modified":"2017-04-04T19:43:10","modified_gmt":"2017-04-04T22:43:10","slug":"apos-descartar-cenario-referencia-bc-divulga-errata-do-relatorio-de-inflacao","status":"publish","type":"post","link":"https:\/\/blogs.correiobraziliense.com.br\/vicente\/apos-descartar-cenario-referencia-bc-divulga-errata-do-relatorio-de-inflacao\/","title":{"rendered":"BC erra c\u00e1lculos do Relat\u00f3rio Trimestral de Infla\u00e7\u00e3o"},"content":{"rendered":"<h2>POR ANTONIO TEM\u00d3TEO<\/h2>\n<h2><\/h2>\n<h2>O tradicional cen\u00e1rio de refer\u00eancia do Relat\u00f3rio Trimestral de Infla\u00e7\u00e3o (RIT), abandonado pela gest\u00e3o de Ilan Goldfajn, teve os n\u00fameros corrigidos em errata divulgada pelo Banco Central (BC). O agora cen\u00e1rio de juros e c\u00e2mbio constante teve as proje\u00e7\u00f5es revisadas a partir do quatro trimestre de 2017. A autoridade monet\u00e1ria passou a estimar que a infla\u00e7\u00e3o do ano terminar\u00e1 em 3,6% ante estimativa de 3,9%.<\/h2>\n<p>&nbsp;<\/p>\n<p>Para 2018, tamb\u00e9m no cen\u00e1rio de refer\u00eancia, a proje\u00e7\u00e3o foi corrigida de 4,0% para 3,3%, flertando com o piso da meta, de 3%. O erro do BC foi ainda pior nas estimativas que levam em conta juros constantes e c\u00e2mbio Focus. Nessas condi\u00e7\u00f5es, a autoridade monet\u00e1ria precisou revisar os dados a partir do terceiro trimestre 2017. A infla\u00e7\u00e3o calculada para o ano, nesse caso, passou de 3,9% para 3,7%.\u00a0Os dados de 2018 foram revisados em 0,7 ponto percentual, para 3,5% ao ano.<\/p>\n<p>&nbsp;<\/p>\n<p><strong>Erros que custam caros<\/strong><\/p>\n<p>&nbsp;<\/p>\n<p>Na pr\u00e1tica, significa dizer que as estimativas do BC para a infla\u00e7\u00e3o est\u00e3o ainda melhores, e isso dar\u00e1 muni\u00e7\u00e3o para os cr\u00edticos da pol\u00edtica monet\u00e1ria de Ilan Godfajn. Eles passar\u00e3o a defender um corte ainda mais profundo na taxa b\u00e1sica de juros (Selic). Aqueles que estimavam redu\u00e7\u00e3o de 1,25 ponto percentual ou de at\u00e9 1,5 ponto percentual na reuni\u00e3o do colegiado, marcada para 11 e 12 de abril, ganharam argumentos s\u00f3lidos para cobrar uma flexibiliza\u00e7\u00e3o maior dos juros.<\/p>\n<p>&nbsp;<\/p>\n<p>V\u00e1rios analistas vinham questionando os modelos do BC, que n\u00e3o refletiam a realidade percebida pela maioria do mercado. Os erros mostram que o academicismo do BC passou dos limites. Conhecimento acad\u00eamico \u00e9 superimportante para ser diretor do Banco Central, mas \u00e9 preciso manter os p\u00e9s da realidade. E os do BC, se ressalte, andavam bem distantes da vida real.<\/p>\n<p>&nbsp;<\/p>\n<p>O que mais assusta \u00e9 que, com os erros, o BC pode ter imposto um custo enorme ao pa\u00eds, ao ser extremamente conservador na redu\u00e7\u00e3o da taxa b\u00e1sica de juros. Se estivesse de posse de n\u00fameros corretos, a autoridade monet\u00e1ria certamente teria cortado mais a Selic. Juros altos demais com economia em depress\u00e3o s\u00f3 empurram o pa\u00eds para o buraco.<\/p>\n<p>&nbsp;<\/p>\n<p><em>Bras\u00edlia, 19h23min<\/em><\/p>\n","protected":false},"excerpt":{"rendered":"<p>POR ANTONIO TEM\u00d3TEO O tradicional cen\u00e1rio de refer\u00eancia do Relat\u00f3rio Trimestral de Infla\u00e7\u00e3o (RIT), abandonado pela gest\u00e3o de Ilan Goldfajn, teve os n\u00fameros corrigidos em errata divulgada pelo Banco Central (BC). O agora cen\u00e1rio de juros e c\u00e2mbio constante teve as proje\u00e7\u00f5es revisadas a partir do quatro trimestre de 2017. A autoridade monet\u00e1ria passou a [&hellip;]<\/p>\n","protected":false},"author":22,"featured_media":0,"comment_status":"open","ping_status":"closed","sticky":false,"template":"","format":"standard","meta":{"footnotes":""},"categories":[600],"tags":[1732,106,107,472,2116,2117,34],"class_list":["post-4592","post","type-post","status-publish","format-standard","hentry","category-economia","tag-banco-central-bc","tag-bc","tag-ilan-goldfajn","tag-relatorio-de-inflacao","tag-relatorio-trimestral-de-inflacao-rti","tag-rti","tag-selic"],"_links":{"self":[{"href":"https:\/\/blogs.correiobraziliense.com.br\/vicente\/wp-json\/wp\/v2\/posts\/4592","targetHints":{"allow":["GET"]}}],"collection":[{"href":"https:\/\/blogs.correiobraziliense.com.br\/vicente\/wp-json\/wp\/v2\/posts"}],"about":[{"href":"https:\/\/blogs.correiobraziliense.com.br\/vicente\/wp-json\/wp\/v2\/types\/post"}],"author":[{"embeddable":true,"href":"https:\/\/blogs.correiobraziliense.com.br\/vicente\/wp-json\/wp\/v2\/users\/22"}],"replies":[{"embeddable":true,"href":"https:\/\/blogs.correiobraziliense.com.br\/vicente\/wp-json\/wp\/v2\/comments?post=4592"}],"version-history":[{"count":3,"href":"https:\/\/blogs.correiobraziliense.com.br\/vicente\/wp-json\/wp\/v2\/posts\/4592\/revisions"}],"predecessor-version":[{"id":4595,"href":"https:\/\/blogs.correiobraziliense.com.br\/vicente\/wp-json\/wp\/v2\/posts\/4592\/revisions\/4595"}],"wp:attachment":[{"href":"https:\/\/blogs.correiobraziliense.com.br\/vicente\/wp-json\/wp\/v2\/media?parent=4592"}],"wp:term":[{"taxonomy":"category","embeddable":true,"href":"https:\/\/blogs.correiobraziliense.com.br\/vicente\/wp-json\/wp\/v2\/categories?post=4592"},{"taxonomy":"post_tag","embeddable":true,"href":"https:\/\/blogs.correiobraziliense.com.br\/vicente\/wp-json\/wp\/v2\/tags?post=4592"}],"curies":[{"name":"wp","href":"https:\/\/api.w.org\/{rel}","templated":true}]}}