{"id":4580,"date":"2017-04-04T10:44:31","date_gmt":"2017-04-04T13:44:31","guid":{"rendered":"https:\/\/blogs.correiobraziliense.com.br\/vicente\/?p=4580"},"modified":"2017-04-04T10:44:31","modified_gmt":"2017-04-04T13:44:31","slug":"reforma-da-previdencia-ajudara-recuperacao-da-economia-diz-presidente-do-bc","status":"publish","type":"post","link":"https:\/\/blogs.correiobraziliense.com.br\/vicente\/reforma-da-previdencia-ajudara-recuperacao-da-economia-diz-presidente-do-bc\/","title":{"rendered":"Reforma da Previd\u00eancia ajudar\u00e1 recupera\u00e7\u00e3o da economia, diz presidente do BC"},"content":{"rendered":"<p class=\"p2\">POR ANTONIO TEM\u00d3TEO<\/p>\n<p class=\"p2\">\n<p class=\"p2\">A recupera\u00e7\u00e3o sustentada da economia depender\u00e1 dos ajustes e reformas, em especial as fiscais, como a da Previd\u00eancia, avalia o presidente do Banco Central (BC), Ilan Goldfajn, em audi\u00eancia p\u00fablica na Comiss\u00e3o de Assuntos Econ\u00f4micos (CAE) do Senado Federal. Al\u00e9m dessas medidas, s\u00e3o necess\u00e1rias reformas microecon\u00f4micas relacionadas a ganhos de efici\u00eancia, flexibiliza\u00e7\u00e3o da economia e melhora do ambiente de neg\u00f3cios, detalha o chefe da autoridade monet\u00e1ria.<\/p>\n<p class=\"p2\">\n<p class=\"p2\">Avan\u00e7ar na agenda de reformas estruturais \u00e9 essencial para impulsionar a produtividade e o crescimento de longo prazo, diz Goldfajn. &#8220;O BC tem um papel importante relacionado \u00e0 solidez e efici\u00eancia do sistema financeiro e ao custo do cr\u00e9dito, do que falarei mais \u00e0 frente. Tamb\u00e9m \u00e9 importante a realiza\u00e7\u00e3o de investimentos em infraestrutura, por meio de concess\u00f5es e de outros mecanismos&#8221;, comenta.<\/p>\n<p class=\"p2\">\n<p class=\"p2\">Para ele, o investimento em infraestrutura tem papel relevante na busca por maior produtividade. O presidente do BC detalha que os investimentos t\u00eam efeito multiplicador porque, ao reduzirem custos e riscos das atividades produtivas, aumentam o retorno esperado e tornam novos projetos mais atrativos.<\/p>\n<p class=\"p2\">\n<p class=\"p2\">&#8220;O Brasil encontra-se hoje menos vulner\u00e1vel e apresenta maior capacidade de absorver eventual rev\u00e9s no cen\u00e1rio internacional. Para que esse quadro favor\u00e1vel n\u00e3o se reverta, precisamos continuar avan\u00e7ando nas reformas&#8221;, detalha Goldfajn.<\/p>\n","protected":false},"excerpt":{"rendered":"<p>POR ANTONIO TEM\u00d3TEO A recupera\u00e7\u00e3o sustentada da economia depender\u00e1 dos ajustes e reformas, em especial as fiscais, como a da Previd\u00eancia, avalia o presidente do Banco Central (BC), Ilan Goldfajn, em audi\u00eancia p\u00fablica na Comiss\u00e3o de Assuntos Econ\u00f4micos (CAE) do Senado Federal. Al\u00e9m dessas medidas, s\u00e3o necess\u00e1rias reformas microecon\u00f4micas relacionadas a ganhos de efici\u00eancia, flexibiliza\u00e7\u00e3o [&hellip;]<\/p>\n","protected":false},"author":22,"featured_media":0,"comment_status":"open","ping_status":"closed","sticky":false,"template":"","format":"standard","meta":{"footnotes":""},"categories":[600],"tags":[],"class_list":["post-4580","post","type-post","status-publish","format-standard","hentry","category-economia"],"_links":{"self":[{"href":"https:\/\/blogs.correiobraziliense.com.br\/vicente\/wp-json\/wp\/v2\/posts\/4580","targetHints":{"allow":["GET"]}}],"collection":[{"href":"https:\/\/blogs.correiobraziliense.com.br\/vicente\/wp-json\/wp\/v2\/posts"}],"about":[{"href":"https:\/\/blogs.correiobraziliense.com.br\/vicente\/wp-json\/wp\/v2\/types\/post"}],"author":[{"embeddable":true,"href":"https:\/\/blogs.correiobraziliense.com.br\/vicente\/wp-json\/wp\/v2\/users\/22"}],"replies":[{"embeddable":true,"href":"https:\/\/blogs.correiobraziliense.com.br\/vicente\/wp-json\/wp\/v2\/comments?post=4580"}],"version-history":[{"count":1,"href":"https:\/\/blogs.correiobraziliense.com.br\/vicente\/wp-json\/wp\/v2\/posts\/4580\/revisions"}],"predecessor-version":[{"id":4581,"href":"https:\/\/blogs.correiobraziliense.com.br\/vicente\/wp-json\/wp\/v2\/posts\/4580\/revisions\/4581"}],"wp:attachment":[{"href":"https:\/\/blogs.correiobraziliense.com.br\/vicente\/wp-json\/wp\/v2\/media?parent=4580"}],"wp:term":[{"taxonomy":"category","embeddable":true,"href":"https:\/\/blogs.correiobraziliense.com.br\/vicente\/wp-json\/wp\/v2\/categories?post=4580"},{"taxonomy":"post_tag","embeddable":true,"href":"https:\/\/blogs.correiobraziliense.com.br\/vicente\/wp-json\/wp\/v2\/tags?post=4580"}],"curies":[{"name":"wp","href":"https:\/\/api.w.org\/{rel}","templated":true}]}}