{"id":4578,"date":"2017-04-03T19:40:04","date_gmt":"2017-04-03T22:40:04","guid":{"rendered":"https:\/\/blogs.correiobraziliense.com.br\/vicente\/?p=4578"},"modified":"2017-04-03T20:28:50","modified_gmt":"2017-04-03T23:28:50","slug":"de-olho-no-tse-governo-monitora-reacao-dos-mercados","status":"publish","type":"post","link":"https:\/\/blogs.correiobraziliense.com.br\/vicente\/de-olho-no-tse-governo-monitora-reacao-dos-mercados\/","title":{"rendered":"De olho no TSE, governo monitora rea\u00e7\u00e3o dos mercados"},"content":{"rendered":"<h2>O governo escalou parte da equipe econ\u00f4mica para monitorar a rea\u00e7\u00e3o dos investidores em rela\u00e7\u00e3o ao julgamento da chapa Dilma-Temer, que come\u00e7a nesta ter\u00e7a-feira, 4, no Tribunal Superior Eleitoral (TSE). H\u00e1 o temor de que uma onda de desconfian\u00e7a tome conta dos mercados, criando um clima de instabilidade que pode prejudicar a ainda fr\u00e1gil recupera\u00e7\u00e3o da economia. A maior preocupa\u00e7\u00e3o dos donos do dinheiro \u00e9 que o processo do TSE atrase a aprova\u00e7\u00e3o das reformas da Previd\u00eancia e a trabalhista pelo Congresso.<\/h2>\n<p>&nbsp;<\/p>\n<p>Nos \u00faltimos dias, houve muitos questionamentos dos investidores sobre os riscos de Michel Temer ter o mandato cassado. Em conversas com integrantes do governo, os investidores ouviram que a probabilidade de o peemedebista deixar o comando do pa\u00eds existe, mas \u00e9 pequena. Para o governo, o processo no TSE vai se arrastar por um longo per\u00edodo, j\u00e1 que \u00e9 certo que pelo menos um ministro do Tribunal pedir\u00e1 vistas por tempo indeterminado.<\/p>\n<p>&nbsp;<\/p>\n<p>O Pal\u00e1cio do Planalto acredita que, apesar de desconfiados, os investidores apostam alto que Temer conseguir\u00e1 se manter no cargo at\u00e9 o fim de 2018. &#8220;Se os investidores realmente acreditassem numa derrota do presidente no TSE, o humor dos mercados seria totalmente outro&#8221;, diz um assessor de Temer. &#8220;Hoje, por exemplo, a bolsa subiu (0,35%, para os 65.211 pontos) e o d\u00f3lar caiu (-0,54%, para R$ 3,113). Isso, \u00e0s v\u00e9speras do julgamento&#8221;, acrescenta.<\/p>\n<p>&nbsp;<\/p>\n<p>Al\u00e9m das conversas com integrantes do governo, os investidores t\u00eam se municiado do trabalho de lobistas que t\u00eam portas abertas no TSE. Esses profissionais t\u00eam conversado com integrantes do Tribunal para saber os tr\u00e2mites legais do processo de cassa\u00e7\u00e3o da chapa Dilma-Temer e quais as brechas abertas na legisla\u00e7\u00e3o que podem ser usadas para atrasar a decis\u00e3o da Corte. Muitos investidores acreditam que o governo conseguir\u00e1 adiar a senten\u00e7a.<\/p>\n<p>&nbsp;<\/p>\n<p>Para o Planalto, \u00e9 importante que os investidores continuem &#8220;com esse pensamento positivo&#8221;. Segundo assessores de Temer, n\u00e3o \u00e9 o momento de se criar turbul\u00eancias. H\u00e1 boas not\u00edcias se desenhando no horizonte. A infla\u00e7\u00e3o est\u00e1 em queda, o que levar\u00e1 o Banco Central a acelerar o corte na taxa b\u00e1sica de juros (Selic). A confian\u00e7a de consumidores e de empres\u00e1rios voltou a ficar em terreno positivo. &#8220;N\u00e3o \u00e9 muito, mas nos d\u00e1 um conforto. O ideal \u00e9 que a pol\u00edtica n\u00e3o mine o pouco que avan\u00e7amos na economia&#8221;, ressalta outro auxiliar de Temer.<\/p>\n<p>&nbsp;<\/p>\n<p><em>Bras\u00edlia, 19h40min<\/em><\/p>\n","protected":false},"excerpt":{"rendered":"<p>O governo escalou parte da equipe econ\u00f4mica para monitorar a rea\u00e7\u00e3o dos investidores em rela\u00e7\u00e3o ao julgamento da chapa Dilma-Temer, que come\u00e7a nesta ter\u00e7a-feira, 4, no Tribunal Superior Eleitoral (TSE). H\u00e1 o temor de que uma onda de desconfian\u00e7a tome conta dos mercados, criando um clima de instabilidade que pode prejudicar a ainda fr\u00e1gil recupera\u00e7\u00e3o [&hellip;]<\/p>\n","protected":false},"author":22,"featured_media":0,"comment_status":"open","ping_status":"closed","sticky":false,"template":"","format":"standard","meta":{"footnotes":""},"categories":[600],"tags":[253,2137,105,11,199,111,429,666,1217],"class_list":["post-4578","post","type-post","status-publish","format-standard","hentry","category-economia","tag-cassacao","tag-chapa","tag-desconfianca","tag-dilma-rousseff","tag-investidores","tag-michel-temer","tag-previdencia","tag-reformas","tag-tse"],"_links":{"self":[{"href":"https:\/\/blogs.correiobraziliense.com.br\/vicente\/wp-json\/wp\/v2\/posts\/4578","targetHints":{"allow":["GET"]}}],"collection":[{"href":"https:\/\/blogs.correiobraziliense.com.br\/vicente\/wp-json\/wp\/v2\/posts"}],"about":[{"href":"https:\/\/blogs.correiobraziliense.com.br\/vicente\/wp-json\/wp\/v2\/types\/post"}],"author":[{"embeddable":true,"href":"https:\/\/blogs.correiobraziliense.com.br\/vicente\/wp-json\/wp\/v2\/users\/22"}],"replies":[{"embeddable":true,"href":"https:\/\/blogs.correiobraziliense.com.br\/vicente\/wp-json\/wp\/v2\/comments?post=4578"}],"version-history":[{"count":1,"href":"https:\/\/blogs.correiobraziliense.com.br\/vicente\/wp-json\/wp\/v2\/posts\/4578\/revisions"}],"predecessor-version":[{"id":4579,"href":"https:\/\/blogs.correiobraziliense.com.br\/vicente\/wp-json\/wp\/v2\/posts\/4578\/revisions\/4579"}],"wp:attachment":[{"href":"https:\/\/blogs.correiobraziliense.com.br\/vicente\/wp-json\/wp\/v2\/media?parent=4578"}],"wp:term":[{"taxonomy":"category","embeddable":true,"href":"https:\/\/blogs.correiobraziliense.com.br\/vicente\/wp-json\/wp\/v2\/categories?post=4578"},{"taxonomy":"post_tag","embeddable":true,"href":"https:\/\/blogs.correiobraziliense.com.br\/vicente\/wp-json\/wp\/v2\/tags?post=4578"}],"curies":[{"name":"wp","href":"https:\/\/api.w.org\/{rel}","templated":true}]}}