{"id":4571,"date":"2017-04-03T14:40:09","date_gmt":"2017-04-03T17:40:09","guid":{"rendered":"https:\/\/blogs.correiobraziliense.com.br\/vicente\/?p=4571"},"modified":"2017-04-03T16:32:16","modified_gmt":"2017-04-03T19:32:16","slug":"77-milhoes-poderao-sacar-r-112-bilhoes-do-fgts-em-abril","status":"publish","type":"post","link":"https:\/\/blogs.correiobraziliense.com.br\/vicente\/77-milhoes-poderao-sacar-r-112-bilhoes-do-fgts-em-abril\/","title":{"rendered":"7,7 milh\u00f5es poder\u00e3o sacar R$ 11,2 bilh\u00f5es do FGTS em abril"},"content":{"rendered":"<h2>Os trabalhadores que nasceram em mar\u00e7o, abril e maio poder\u00e3o sacar, a partir do dia 10, os recursos que t\u00eam em contas inativas do Fundo de Garantia do Tempo de Servi\u00e7o (FGTS). Segundo a Caixa Econ\u00f4mica Federal, 7,7 milh\u00f5es de trabalhadores, ou 25,5% do total, ter\u00e3o direito a retiradas de R$ 11,2 bilh\u00f5es. Ser\u00e1 o m\u00eas com maior n\u00famero de trabalhadores aptos a sacarem o FGTS, 100 mil a mais do que em maio.<\/h2>\n<p>&nbsp;<\/p>\n<p>N\u00e3o por acaso, a Caixa est\u00e1 refor\u00e7ando os sistemas operacionais e o atendimento. A determina\u00e7\u00e3o dentro do banco \u00e9 para que n\u00e3o haja nenhum problema. A experi\u00eancia do primeiro m\u00eas para saques permitiu \u00e0 institui\u00e7\u00e3o identificar os principais problemas que possam causar transtornos aos trabalhadores.<\/p>\n<p>&nbsp;<\/p>\n<p>Em m\u00e9dia, cada trabalhador ter\u00e1 direito a sacar R$ 1.454. O governo espera que, ao contr\u00e1rio do que ocorreu em mar\u00e7o, a maioria dos recursos v\u00e1 para o consumo. Levantamento preliminar mostra que, no m\u00eas passado, dos quase R$ 7 bilh\u00f5es liberados, 80% foram destinados ao pagamento de d\u00edvidas, o que \u00e9 uma \u00f3tima not\u00edcia, pois abre espa\u00e7o para consumo futuro.<\/p>\n<p>&nbsp;<\/p>\n<p>A libera\u00e7\u00e3o de contas inativas do FGTS faz parte das medidas do governo para incentivar a retomada da economia, como ressalta o ministro do Planejamento, Dyogo de Oliveira. Pelas contas da equipe econ\u00f4mica, os recursos, que podem chegar a R$ 43 bilh\u00f5es, t\u00eam for\u00e7a para incrementar o Produto Interno Bruto (PIB) em ao menos 0,3 ponto percentual.<\/p>\n<p>&nbsp;<\/p>\n<p>A Caixa avisa que os saques estar\u00e3o liberados at\u00e9 31 de julho. Vencida essa data, as retiradas no FGTS voltar\u00e3o a seguir as regras de sempre, ou seja, para a compra da casa pr\u00f3pria e ap\u00f3s a aposentadoria. Veja o cronograma para os saques:<\/p>\n<p>&nbsp;<\/p>\n<p><strong>Abril:<\/strong> nascidos em mar\u00e7o, abril e maio<br \/>\n<strong>Maio:<\/strong> nascidos em junho, julho e agosto<br \/>\n<strong>Junho:<\/strong> nascidos em setembro, outubro e novembro<br \/>\n<strong>Julho:<\/strong> nascidos em dezembro.<\/p>\n<p>&nbsp;<\/p>\n<p><em>Bras\u00edlia, 14h40min<\/em><\/p>\n","protected":false},"excerpt":{"rendered":"<p>Os trabalhadores que nasceram em mar\u00e7o, abril e maio poder\u00e3o sacar, a partir do dia 10, os recursos que t\u00eam em contas inativas do Fundo de Garantia do Tempo de Servi\u00e7o (FGTS). Segundo a Caixa Econ\u00f4mica Federal, 7,7 milh\u00f5es de trabalhadores, ou 25,5% do total, ter\u00e3o direito a retiradas de R$ 11,2 bilh\u00f5es. Ser\u00e1 o [&hellip;]<\/p>\n","protected":false},"author":22,"featured_media":0,"comment_status":"open","ping_status":"closed","sticky":false,"template":"","format":"standard","meta":{"footnotes":""},"categories":[600],"tags":[],"class_list":["post-4571","post","type-post","status-publish","format-standard","hentry","category-economia"],"_links":{"self":[{"href":"https:\/\/blogs.correiobraziliense.com.br\/vicente\/wp-json\/wp\/v2\/posts\/4571","targetHints":{"allow":["GET"]}}],"collection":[{"href":"https:\/\/blogs.correiobraziliense.com.br\/vicente\/wp-json\/wp\/v2\/posts"}],"about":[{"href":"https:\/\/blogs.correiobraziliense.com.br\/vicente\/wp-json\/wp\/v2\/types\/post"}],"author":[{"embeddable":true,"href":"https:\/\/blogs.correiobraziliense.com.br\/vicente\/wp-json\/wp\/v2\/users\/22"}],"replies":[{"embeddable":true,"href":"https:\/\/blogs.correiobraziliense.com.br\/vicente\/wp-json\/wp\/v2\/comments?post=4571"}],"version-history":[{"count":4,"href":"https:\/\/blogs.correiobraziliense.com.br\/vicente\/wp-json\/wp\/v2\/posts\/4571\/revisions"}],"predecessor-version":[{"id":4575,"href":"https:\/\/blogs.correiobraziliense.com.br\/vicente\/wp-json\/wp\/v2\/posts\/4571\/revisions\/4575"}],"wp:attachment":[{"href":"https:\/\/blogs.correiobraziliense.com.br\/vicente\/wp-json\/wp\/v2\/media?parent=4571"}],"wp:term":[{"taxonomy":"category","embeddable":true,"href":"https:\/\/blogs.correiobraziliense.com.br\/vicente\/wp-json\/wp\/v2\/categories?post=4571"},{"taxonomy":"post_tag","embeddable":true,"href":"https:\/\/blogs.correiobraziliense.com.br\/vicente\/wp-json\/wp\/v2\/tags?post=4571"}],"curies":[{"name":"wp","href":"https:\/\/api.w.org\/{rel}","templated":true}]}}