{"id":4548,"date":"2017-03-30T18:29:10","date_gmt":"2017-03-30T21:29:10","guid":{"rendered":"https:\/\/blogs.correiobraziliense.com.br\/vicente\/?p=4548"},"modified":"2017-03-30T18:29:10","modified_gmt":"2017-03-30T21:29:10","slug":"banco-central-realizara-leilao-de-linha-amanha-de-ate-us-2-bilhoes","status":"publish","type":"post","link":"https:\/\/blogs.correiobraziliense.com.br\/vicente\/banco-central-realizara-leilao-de-linha-amanha-de-ate-us-2-bilhoes\/","title":{"rendered":"Banco Central realizar\u00e1 amanh\u00e3 leil\u00e3o de linha de at\u00e9 US$ 2 bilh\u00f5es"},"content":{"rendered":"<p class=\"p1\">POR ANTONIO TEM\u00d3TEO<\/p>\n<p class=\"p1\">\n<p class=\"p1\">O Banco Central (BC) anunciou que realizar\u00e1 amanh\u00e3 leil\u00e3o de linha de at\u00e9 US$ 2 bilh\u00f5es. O montante se refere ao estoque de US$ 5,2 bilh\u00f5es j\u00e1 no mercado, dos quais US$ 4,4 bilh\u00f5es vencem em 4 de abril e os US$ 800 milh\u00f5es restantes em 5 de julho.<\/p>\n<p class=\"p1\">\n<p class=\"p1\">Com isso, ser\u00e3o aceitas ofertas de at\u00e9 R$ 2 bilh\u00f5es a serem distribu\u00eddas entre os dois vencimentos. O d\u00f3lar fechou o preg\u00e3o de hoje em alta de 0,38%, cotado a R$ 3,144.<\/p>\n","protected":false},"excerpt":{"rendered":"<p>POR ANTONIO TEM\u00d3TEO O Banco Central (BC) anunciou que realizar\u00e1 amanh\u00e3 leil\u00e3o de linha de at\u00e9 US$ 2 bilh\u00f5es. O montante se refere ao estoque de US$ 5,2 bilh\u00f5es j\u00e1 no mercado, dos quais US$ 4,4 bilh\u00f5es vencem em 4 de abril e os US$ 800 milh\u00f5es restantes em 5 de julho. Com isso, ser\u00e3o [&hellip;]<\/p>\n","protected":false},"author":22,"featured_media":0,"comment_status":"open","ping_status":"closed","sticky":false,"template":"","format":"standard","meta":{"footnotes":""},"categories":[600],"tags":[106,342,2124],"class_list":["post-4548","post","type-post","status-publish","format-standard","hentry","category-economia","tag-bc","tag-leilao-de-linha","tag-us-2-bilhoes"],"_links":{"self":[{"href":"https:\/\/blogs.correiobraziliense.com.br\/vicente\/wp-json\/wp\/v2\/posts\/4548","targetHints":{"allow":["GET"]}}],"collection":[{"href":"https:\/\/blogs.correiobraziliense.com.br\/vicente\/wp-json\/wp\/v2\/posts"}],"about":[{"href":"https:\/\/blogs.correiobraziliense.com.br\/vicente\/wp-json\/wp\/v2\/types\/post"}],"author":[{"embeddable":true,"href":"https:\/\/blogs.correiobraziliense.com.br\/vicente\/wp-json\/wp\/v2\/users\/22"}],"replies":[{"embeddable":true,"href":"https:\/\/blogs.correiobraziliense.com.br\/vicente\/wp-json\/wp\/v2\/comments?post=4548"}],"version-history":[{"count":1,"href":"https:\/\/blogs.correiobraziliense.com.br\/vicente\/wp-json\/wp\/v2\/posts\/4548\/revisions"}],"predecessor-version":[{"id":4549,"href":"https:\/\/blogs.correiobraziliense.com.br\/vicente\/wp-json\/wp\/v2\/posts\/4548\/revisions\/4549"}],"wp:attachment":[{"href":"https:\/\/blogs.correiobraziliense.com.br\/vicente\/wp-json\/wp\/v2\/media?parent=4548"}],"wp:term":[{"taxonomy":"category","embeddable":true,"href":"https:\/\/blogs.correiobraziliense.com.br\/vicente\/wp-json\/wp\/v2\/categories?post=4548"},{"taxonomy":"post_tag","embeddable":true,"href":"https:\/\/blogs.correiobraziliense.com.br\/vicente\/wp-json\/wp\/v2\/tags?post=4548"}],"curies":[{"name":"wp","href":"https:\/\/api.w.org\/{rel}","templated":true}]}}