{"id":4546,"date":"2017-03-30T19:15:30","date_gmt":"2017-03-30T22:15:30","guid":{"rendered":"https:\/\/blogs.correiobraziliense.com.br\/vicente\/?p=4546"},"modified":"2017-03-30T19:47:03","modified_gmt":"2017-03-30T22:47:03","slug":"juros-mais-baixos-vao-incentivar-o-consumo-diz-dyogo","status":"publish","type":"post","link":"https:\/\/blogs.correiobraziliense.com.br\/vicente\/juros-mais-baixos-vao-incentivar-o-consumo-diz-dyogo\/","title":{"rendered":"&#8220;Juros mais baixos v\u00e3o incentivar o consumo&#8221;, diz Dyogo"},"content":{"rendered":"<h2>A redu\u00e7\u00e3o dos juros para o cr\u00e9dito consignado de servidores federais e de aposentados e pensionistas do Instituto Nacional do Seguro Social (INSS) dar\u00e1 um importante f\u00f4lego ao consumo, acredita o ministro do Planejamento, Dyogo de Oliveira. A perspectiva, diz ele ao <strong>Blog<\/strong>, \u00e9 de que o barateamento do cr\u00e9dito d\u00ea um al\u00edvio de pelo menos R$ 3,7 bilh\u00f5es no or\u00e7amento das fam\u00edlias. &#8220;\u00c9 dinheiro que vai sobrar a mais para as fam\u00edlias&#8221;, acrescenta.<\/h2>\n<p>&nbsp;<\/p>\n<p>Para Dyogo, &#8220;os juros mais baixos permitir\u00e3o que as pessoas possam abrir espa\u00e7o no or\u00e7amento para o consumo, para a constru\u00e7\u00e3o ou para uma reforma. Tamb\u00e9m ajudar\u00e3o a reduzir as despesas financeiras com d\u00edvidas&#8221;. Segundo ele, para os servidores, a taxa anual do consignado caiu 4,7 pontos percentuais, de 34,5% para 29,8% ao ano. &#8220;Esse tipo de medida ajudar\u00e1 na recupera\u00e7\u00e3o das economia&#8221;, ressalta.<\/p>\n<p>&nbsp;<\/p>\n<p>Na avalia\u00e7\u00e3o de Dyogo, \u00e9 muito importante que o consumo das fam\u00edlias recupere o f\u00f4lego, j\u00e1 que representa, do lado da demanda, mais de 60% do Produto Interno Bruto (PIB). &#8220;Estamos confiantes de que h\u00e1 espa\u00e7o para a recupera\u00e7\u00e3o do consumo das fam\u00edlias. \u00c9 vis\u00edvel a melhora no ambiente econ\u00f4mico. As pessoas j\u00e1 est\u00e3o percebendo no dia a dia que a situa\u00e7\u00e3o est\u00e1 melhor&#8221;, enfatiza. Para ele, tamb\u00e9m a libera\u00e7\u00e3o de recursos do Fundo de Garantia do Tempo de Servi\u00e7o (FGTS) est\u00e1 contribuindo para a virada no quadro econ\u00f4mico.<\/p>\n<p>&nbsp;<\/p>\n<p><strong>Infla\u00e7\u00e3o<\/strong><\/p>\n<p>&nbsp;<\/p>\n<p>O ministro diz estar confiante na continuidade da queda da infla\u00e7\u00e3o, o que permitir\u00e1 que a taxa b\u00e1sica de juros (Selic) definida pelo Banco Central possa baixar mais. Ele afirma que, num primeiro momento, os bancos n\u00e3o repassaram aos consumidores a diminui\u00e7\u00e3o da Selic, porque as institui\u00e7\u00f5es financeiras tiveram que lidar com problemas s\u00e9rios, causados pela inadimpl\u00eancia nos empr\u00e9stimos de grandes empresas.<\/p>\n<p>&nbsp;<\/p>\n<p>Agora, com a casa arrumada, Dyogo ressalta que chegou a hora de os bancos repassarem \u00e0s fam\u00edlias a baixa da Selic. O mercado est\u00e1 apostando que a taxa b\u00e1sica, de 12,25% ao ano, cair\u00e1 um ponto percentual em abril. &#8220;A Selic \u00e9 apenas um par\u00e2metro para a forma\u00e7\u00e3o do custo do dinheiro. O que importa s\u00e3o os juros cobrados das pessoas, e esses precisam cair. N\u00f3s estamos reduzindo os do consignado&#8221;, frisa.<\/p>\n<p>&nbsp;<\/p>\n<p>Para os aposentados e pensionistas do INSS, o teto dos juros do consignado cedeu de 32% para 28,9% ao ano ou de 2,34% para 2,14% ao m\u00eas. &#8220;A nossa percep\u00e7\u00e3o \u00e9 de que, com a redu\u00e7\u00e3o do endividamento das fam\u00edlias, teremos um fim de ano bem melhor&#8221;, conclui.<\/p>\n<p>&nbsp;<\/p>\n<p><em>Bras\u00edlia, 19h15min<\/em><\/p>\n<p>&nbsp;<\/p>\n<p>&nbsp;<\/p>\n<p>&nbsp;<\/p>\n","protected":false},"excerpt":{"rendered":"<p>A redu\u00e7\u00e3o dos juros para o cr\u00e9dito consignado de servidores federais e de aposentados e pensionistas do Instituto Nacional do Seguro Social (INSS) dar\u00e1 um importante f\u00f4lego ao consumo, acredita o ministro do Planejamento, Dyogo de Oliveira. A perspectiva, diz ele ao Blog, \u00e9 de que o barateamento do cr\u00e9dito d\u00ea um al\u00edvio de pelo [&hellip;]<\/p>\n","protected":false},"author":22,"featured_media":0,"comment_status":"open","ping_status":"closed","sticky":false,"template":"","format":"standard","meta":{"footnotes":""},"categories":[600],"tags":[2126,407,158,408,4,2125,123],"class_list":["post-4546","post","type-post","status-publish","format-standard","hentry","category-economia","tag-aposentados-e-pensionistas","tag-consignado","tag-dyogo-de-oliveira","tag-inss","tag-juros","tag-ministro-do-planejamento","tag-servidores"],"_links":{"self":[{"href":"https:\/\/blogs.correiobraziliense.com.br\/vicente\/wp-json\/wp\/v2\/posts\/4546","targetHints":{"allow":["GET"]}}],"collection":[{"href":"https:\/\/blogs.correiobraziliense.com.br\/vicente\/wp-json\/wp\/v2\/posts"}],"about":[{"href":"https:\/\/blogs.correiobraziliense.com.br\/vicente\/wp-json\/wp\/v2\/types\/post"}],"author":[{"embeddable":true,"href":"https:\/\/blogs.correiobraziliense.com.br\/vicente\/wp-json\/wp\/v2\/users\/22"}],"replies":[{"embeddable":true,"href":"https:\/\/blogs.correiobraziliense.com.br\/vicente\/wp-json\/wp\/v2\/comments?post=4546"}],"version-history":[{"count":1,"href":"https:\/\/blogs.correiobraziliense.com.br\/vicente\/wp-json\/wp\/v2\/posts\/4546\/revisions"}],"predecessor-version":[{"id":4550,"href":"https:\/\/blogs.correiobraziliense.com.br\/vicente\/wp-json\/wp\/v2\/posts\/4546\/revisions\/4550"}],"wp:attachment":[{"href":"https:\/\/blogs.correiobraziliense.com.br\/vicente\/wp-json\/wp\/v2\/media?parent=4546"}],"wp:term":[{"taxonomy":"category","embeddable":true,"href":"https:\/\/blogs.correiobraziliense.com.br\/vicente\/wp-json\/wp\/v2\/categories?post=4546"},{"taxonomy":"post_tag","embeddable":true,"href":"https:\/\/blogs.correiobraziliense.com.br\/vicente\/wp-json\/wp\/v2\/tags?post=4546"}],"curies":[{"name":"wp","href":"https:\/\/api.w.org\/{rel}","templated":true}]}}