{"id":4530,"date":"2017-03-30T12:50:26","date_gmt":"2017-03-30T15:50:26","guid":{"rendered":"https:\/\/blogs.correiobraziliense.com.br\/vicente\/?p=4530"},"modified":"2017-03-30T13:28:04","modified_gmt":"2017-03-30T16:28:04","slug":"governo-reduz-teto-de-juros-de-consignado-para-servidores-298","status":"publish","type":"post","link":"https:\/\/blogs.correiobraziliense.com.br\/vicente\/governo-reduz-teto-de-juros-de-consignado-para-servidores-298\/","title":{"rendered":"Governo reduz teto de juros de consignado para servidores a 29,8%"},"content":{"rendered":"<h2>O governo decidiu dar um refresco aos servidores que pensam em tomar d\u00edvidas por meio do cr\u00e9dito consignado. O teto das taxas cobradas pelos bancos ser\u00e1 reduzido, a partir desta sexta-feira, 31, de 34,5% para 29,8% ao ano. \u00c9 a primeira vez \u00a0que o teto dos juros do consignado para servidores p\u00fablicos da Uni\u00e3o \u00e9 reduzido.<\/h2>\n<h2><\/h2>\n<p>Segundo portaria do Minist\u00e9rio Planejamento, que sair\u00e1 amanh\u00e3, com o teto menor, a taxa mensal de juros nos consignados tomados pelos servidores baixar\u00e1 de 2,5% para 2,2%. Os t\u00e9cnicos explicam que essa redu\u00e7\u00e3o reflete a queda da taxa b\u00e1sica (Selic), que, desde outubro do ano passado, j\u00e1 caiu de 14,25% para 12,25% ao ano.<\/p>\n<p>&nbsp;<\/p>\n<p>O novo patamar m\u00e1ximo de juros valer\u00e1 para futuros empr\u00e9stimos consignados e para os cr\u00e9ditos renegociados. Os servidores que conseguirem trocar as taxas dos empr\u00e9stimos ter\u00e3o folga maior no or\u00e7amento. Bastar\u00e1 apenas procurar os bancos e propor a renegocia\u00e7\u00e3o das d\u00edvidas a taxas menores.<\/p>\n<p>&nbsp;<\/p>\n<p><strong>R$ 169 bi em d\u00edvidas<\/strong><\/p>\n<p>&nbsp;<\/p>\n<p>Dados do Banco Central mostram que os servidores p\u00fablicos, de todas as esferas de governo, devem R$ 169 bilh\u00f5es no cr\u00e9dito consignado. Neste ano, as opera\u00e7\u00f5es cresceram 0,6%. Em 12 meses, o salto foi de 2,1%. Entre os trabalhadores da iniciativa privada, as d\u00edvidas somam R$ 18,4 bilh\u00f5es, com retra\u00e7\u00e3o de 1,3% nos dois primeiros meses deste ano e de 6,3% em 12 meses.<\/p>\n<p>&nbsp;<\/p>\n<p>O governo quer estimular a tomada de cr\u00e9dito a juros menores para aquecer o consumo, que est\u00e1 em queda livre. Os servidores, por\u00e9m, andam mais reticentes ao endividamento, esperando pelas mudan\u00e7as que vir\u00e3o da reforma da Previd\u00eancia Social.<\/p>\n<p>&nbsp;<\/p>\n<p>O BC informa que, no geral, os bancos t\u00eam trabalhado com juros no consignado para servidores abaixo do teto fixado pelo Minist\u00e9rio do Planejamento. Em fevereiro, os juros m\u00e9dios dessas opera\u00e7\u00f5es estavam em 24,7% ao ano.<\/p>\n<p>&nbsp;<\/p>\n<p>Para os bancos, \u00e9 um excelente neg\u00f3cio emprestar a servidores p\u00fablicos, devido \u00e0 estabilidade no emprego e aos bons sal\u00e1rios. Os riscos de perdas s\u00e3o m\u00ednimos.<\/p>\n<p>&nbsp;<\/p>\n<p><em>Bras\u00edlia, 12h50min<\/em><\/p>\n","protected":false},"excerpt":{"rendered":"<p>O governo decidiu dar um refresco aos servidores que pensam em tomar d\u00edvidas por meio do cr\u00e9dito consignado. O teto das taxas cobradas pelos bancos ser\u00e1 reduzido, a partir desta sexta-feira, 31, de 34,5% para 29,8% ao ano. \u00c9 a primeira vez \u00a0que o teto dos juros do consignado para servidores p\u00fablicos da Uni\u00e3o \u00e9 [&hellip;]<\/p>\n","protected":false},"author":22,"featured_media":0,"comment_status":"open","ping_status":"closed","sticky":false,"template":"","format":"standard","meta":{"footnotes":""},"categories":[600],"tags":[2120,407,4,150,2122,123,2123,762],"class_list":["post-4530","post","type-post","status-publish","format-standard","hentry","category-economia","tag-8-ao-ano","tag-consignado","tag-juros","tag-ministerio-do-planejamento","tag-reducao-do-teto","tag-servidores","tag-teto-do-consignado","tag-uniao"],"_links":{"self":[{"href":"https:\/\/blogs.correiobraziliense.com.br\/vicente\/wp-json\/wp\/v2\/posts\/4530","targetHints":{"allow":["GET"]}}],"collection":[{"href":"https:\/\/blogs.correiobraziliense.com.br\/vicente\/wp-json\/wp\/v2\/posts"}],"about":[{"href":"https:\/\/blogs.correiobraziliense.com.br\/vicente\/wp-json\/wp\/v2\/types\/post"}],"author":[{"embeddable":true,"href":"https:\/\/blogs.correiobraziliense.com.br\/vicente\/wp-json\/wp\/v2\/users\/22"}],"replies":[{"embeddable":true,"href":"https:\/\/blogs.correiobraziliense.com.br\/vicente\/wp-json\/wp\/v2\/comments?post=4530"}],"version-history":[{"count":7,"href":"https:\/\/blogs.correiobraziliense.com.br\/vicente\/wp-json\/wp\/v2\/posts\/4530\/revisions"}],"predecessor-version":[{"id":4540,"href":"https:\/\/blogs.correiobraziliense.com.br\/vicente\/wp-json\/wp\/v2\/posts\/4530\/revisions\/4540"}],"wp:attachment":[{"href":"https:\/\/blogs.correiobraziliense.com.br\/vicente\/wp-json\/wp\/v2\/media?parent=4530"}],"wp:term":[{"taxonomy":"category","embeddable":true,"href":"https:\/\/blogs.correiobraziliense.com.br\/vicente\/wp-json\/wp\/v2\/categories?post=4530"},{"taxonomy":"post_tag","embeddable":true,"href":"https:\/\/blogs.correiobraziliense.com.br\/vicente\/wp-json\/wp\/v2\/tags?post=4530"}],"curies":[{"name":"wp","href":"https:\/\/api.w.org\/{rel}","templated":true}]}}