{"id":4527,"date":"2017-03-30T12:52:42","date_gmt":"2017-03-30T15:52:42","guid":{"rendered":"https:\/\/blogs.correiobraziliense.com.br\/vicente\/?p=4527"},"modified":"2017-03-30T12:55:28","modified_gmt":"2017-03-30T15:55:28","slug":"bc-abole-cenario-de-referencia-do-relatorio-trimestral-de-inflacao-rti","status":"publish","type":"post","link":"https:\/\/blogs.correiobraziliense.com.br\/vicente\/bc-abole-cenario-de-referencia-do-relatorio-trimestral-de-inflacao-rti\/","title":{"rendered":"BC abole cen\u00e1rio de refer\u00eancia do Relat\u00f3rio Trimestral de Infla\u00e7\u00e3o (RTI)"},"content":{"rendered":"<p>POR ANTONIO TEM\u00d3TEO<\/p>\n<p>&nbsp;<\/p>\n<p>A gest\u00e3o de Ilan Goldfajn \u00e0 frente do Banco Central (BC) resolveu trazer mais uma inova\u00e7\u00e3o. O tradicional cen\u00e1rio de refer\u00eancia, que sempre foi a principal proje\u00e7\u00e3o divulgada pela casa e uma das grandes marcas do sistema de metas para infla\u00e7\u00e3o, foi defenestrado do Relat\u00f3rio Trimestral de Infla\u00e7\u00e3o (RTI).<\/p>\n<p>&nbsp;<\/p>\n<p>Em um ambiente de queda de infla\u00e7\u00e3o, profunda recess\u00e3o e de aumento das press\u00f5es para que a autoridade monet\u00e1ria corte os juros em mais de um ponto percentual, o diretor de Pol\u00edtica Econ\u00f4mica, Carlos Viana, foi incumbido de apresentar ao mercado uma nova proje\u00e7\u00e3o que corrobora com suas teses.<\/p>\n<p>&nbsp;<\/p>\n<p>O cen\u00e1rio de refer\u00eancia apontava uma infla\u00e7\u00e3o de 3,8% quando o BC cortava os juros timidamente e era pressionado para acelerar o ritmo de flexibiliza\u00e7\u00e3o da pol\u00edtica monet\u00e1ria. Agora, o novo cen\u00e1rio, batizado por Viana de juros e c\u00e2mbio da pesquisa Focus, favorece as decis\u00f5es tomadas pelo BC.<\/p>\n<p>&nbsp;<\/p>\n<p>Segundo Viana, o cen\u00e1rio de refer\u00eancia trazia ru\u00eddos para a comunica\u00e7\u00e3o do BC. Entretanto, em um eventual processo de alta de juros, o antigo cen\u00e1rio de refer\u00eancia voltar\u00e1 a ser o mais adequado para avalia\u00e7\u00e3o da pol\u00edtica monet\u00e1ria.<\/p>\n","protected":false},"excerpt":{"rendered":"<p>POR ANTONIO TEM\u00d3TEO &nbsp; A gest\u00e3o de Ilan Goldfajn \u00e0 frente do Banco Central (BC) resolveu trazer mais uma inova\u00e7\u00e3o. O tradicional cen\u00e1rio de refer\u00eancia, que sempre foi a principal proje\u00e7\u00e3o divulgada pela casa e uma das grandes marcas do sistema de metas para infla\u00e7\u00e3o, foi defenestrado do Relat\u00f3rio Trimestral de Infla\u00e7\u00e3o (RTI). &nbsp; Em [&hellip;]<\/p>\n","protected":false},"author":22,"featured_media":0,"comment_status":"open","ping_status":"closed","sticky":false,"template":"","format":"standard","meta":{"footnotes":""},"categories":[600],"tags":[2118,1924,2116,2117],"class_list":["post-4527","post","type-post","status-publish","format-standard","hentry","category-economia","tag-cenario-de-juros-e-cambio-da-pesquisa-focus","tag-cenario-de-referencia","tag-relatorio-trimestral-de-inflacao-rti","tag-rti"],"_links":{"self":[{"href":"https:\/\/blogs.correiobraziliense.com.br\/vicente\/wp-json\/wp\/v2\/posts\/4527","targetHints":{"allow":["GET"]}}],"collection":[{"href":"https:\/\/blogs.correiobraziliense.com.br\/vicente\/wp-json\/wp\/v2\/posts"}],"about":[{"href":"https:\/\/blogs.correiobraziliense.com.br\/vicente\/wp-json\/wp\/v2\/types\/post"}],"author":[{"embeddable":true,"href":"https:\/\/blogs.correiobraziliense.com.br\/vicente\/wp-json\/wp\/v2\/users\/22"}],"replies":[{"embeddable":true,"href":"https:\/\/blogs.correiobraziliense.com.br\/vicente\/wp-json\/wp\/v2\/comments?post=4527"}],"version-history":[{"count":3,"href":"https:\/\/blogs.correiobraziliense.com.br\/vicente\/wp-json\/wp\/v2\/posts\/4527\/revisions"}],"predecessor-version":[{"id":4531,"href":"https:\/\/blogs.correiobraziliense.com.br\/vicente\/wp-json\/wp\/v2\/posts\/4527\/revisions\/4531"}],"wp:attachment":[{"href":"https:\/\/blogs.correiobraziliense.com.br\/vicente\/wp-json\/wp\/v2\/media?parent=4527"}],"wp:term":[{"taxonomy":"category","embeddable":true,"href":"https:\/\/blogs.correiobraziliense.com.br\/vicente\/wp-json\/wp\/v2\/categories?post=4527"},{"taxonomy":"post_tag","embeddable":true,"href":"https:\/\/blogs.correiobraziliense.com.br\/vicente\/wp-json\/wp\/v2\/tags?post=4527"}],"curies":[{"name":"wp","href":"https:\/\/api.w.org\/{rel}","templated":true}]}}