{"id":4504,"date":"2017-03-29T12:28:29","date_gmt":"2017-03-29T15:28:29","guid":{"rendered":"https:\/\/blogs.correiobraziliense.com.br\/vicente\/?p=4504"},"modified":"2017-03-29T12:30:50","modified_gmt":"2017-03-29T15:30:50","slug":"juro-do-parcelamento-do-cartao-de-credito-e-recorde-e-chega-1635-ao-ano","status":"publish","type":"post","link":"https:\/\/blogs.correiobraziliense.com.br\/vicente\/juro-do-parcelamento-do-cartao-de-credito-e-recorde-e-chega-1635-ao-ano\/","title":{"rendered":"Juro do parcelamento do cart\u00e3o de cr\u00e9dito \u00e9 recorde e chega 163,5% ao ano"},"content":{"rendered":"<p class=\"p1\">POR ANTONIO TEM\u00d3TEO<\/p>\n<p class=\"p1\">O que era para ser solu\u00e7\u00e3o est\u00e1 se tornando um problema. O juro m\u00e9dio cobrado pelos bancos nas opera\u00e7\u00f5es para parcelamento de cart\u00e3o de cr\u00e9dito chegou a 163,5% ao ano em fevereiro, conforme dados do Banco Central (BC). A taxa \u00e9 a maior da s\u00e9rie hist\u00f3ria da autoridade monet\u00e1ria, iniciada em mar\u00e7o de 2011, e subiu pelo segundo m\u00eas consecutivo.<\/p>\n<p class=\"p1\">A partir de 3 abril, os clientes das institui\u00e7\u00f5es financeiras n\u00e3o poder\u00e3o ficar por mais de 30 dias no rotativo do cart\u00e3o. Com isso, os bancos t\u00eam aproveitado o per\u00edodo at\u00e9 a entrada em vigor da norma para elevar as taxas do parcelado.<\/p>\n<p class=\"p1\">Em fevereiro, o juro m\u00e9dio do rotativo do cart\u00e3o de cr\u00e9dito chegou a 481,5% ao ano.\u00a0O cheque especial tamb\u00e9m continua pr\u00f3ximo das maiores taxas da hist\u00f3ria. Na modalidade de financiamento, o cliente pode pagar at\u00e9 327% ao ano de juros.<\/p>\n","protected":false},"excerpt":{"rendered":"<p>POR ANTONIO TEM\u00d3TEO O que era para ser solu\u00e7\u00e3o est\u00e1 se tornando um problema. O juro m\u00e9dio cobrado pelos bancos nas opera\u00e7\u00f5es para parcelamento de cart\u00e3o de cr\u00e9dito chegou a 163,5% ao ano em fevereiro, conforme dados do Banco Central (BC). A taxa \u00e9 a maior da s\u00e9rie hist\u00f3ria da autoridade monet\u00e1ria, iniciada em mar\u00e7o [&hellip;]<\/p>\n","protected":false},"author":22,"featured_media":0,"comment_status":"open","ping_status":"closed","sticky":false,"template":"","format":"standard","meta":{"footnotes":""},"categories":[600],"tags":[1732,2110,181,2111],"class_list":["post-4504","post","type-post","status-publish","format-standard","hentry","category-economia","tag-banco-central-bc","tag-parcelamento-do-cartao-de-credito","tag-recorde","tag-rotativo-do-cartao-de-credito"],"_links":{"self":[{"href":"https:\/\/blogs.correiobraziliense.com.br\/vicente\/wp-json\/wp\/v2\/posts\/4504","targetHints":{"allow":["GET"]}}],"collection":[{"href":"https:\/\/blogs.correiobraziliense.com.br\/vicente\/wp-json\/wp\/v2\/posts"}],"about":[{"href":"https:\/\/blogs.correiobraziliense.com.br\/vicente\/wp-json\/wp\/v2\/types\/post"}],"author":[{"embeddable":true,"href":"https:\/\/blogs.correiobraziliense.com.br\/vicente\/wp-json\/wp\/v2\/users\/22"}],"replies":[{"embeddable":true,"href":"https:\/\/blogs.correiobraziliense.com.br\/vicente\/wp-json\/wp\/v2\/comments?post=4504"}],"version-history":[{"count":5,"href":"https:\/\/blogs.correiobraziliense.com.br\/vicente\/wp-json\/wp\/v2\/posts\/4504\/revisions"}],"predecessor-version":[{"id":4509,"href":"https:\/\/blogs.correiobraziliense.com.br\/vicente\/wp-json\/wp\/v2\/posts\/4504\/revisions\/4509"}],"wp:attachment":[{"href":"https:\/\/blogs.correiobraziliense.com.br\/vicente\/wp-json\/wp\/v2\/media?parent=4504"}],"wp:term":[{"taxonomy":"category","embeddable":true,"href":"https:\/\/blogs.correiobraziliense.com.br\/vicente\/wp-json\/wp\/v2\/categories?post=4504"},{"taxonomy":"post_tag","embeddable":true,"href":"https:\/\/blogs.correiobraziliense.com.br\/vicente\/wp-json\/wp\/v2\/tags?post=4504"}],"curies":[{"name":"wp","href":"https:\/\/api.w.org\/{rel}","templated":true}]}}