{"id":4490,"date":"2017-03-28T11:05:32","date_gmt":"2017-03-28T14:05:32","guid":{"rendered":"https:\/\/blogs.correiobraziliense.com.br\/vicente\/?p=4490"},"modified":"2017-03-28T12:40:21","modified_gmt":"2017-03-28T15:40:21","slug":"corte-no-orcamento-deve-ser-de-r-30-bi-alta-de-impostos-nao-esta-fechada","status":"publish","type":"post","link":"https:\/\/blogs.correiobraziliense.com.br\/vicente\/corte-no-orcamento-deve-ser-de-r-30-bi-alta-de-impostos-nao-esta-fechada\/","title":{"rendered":"Corte no Or\u00e7amento deve ser de R$ 30 bi. Alta de impostos n\u00e3o est\u00e1 fechada"},"content":{"rendered":"<p>A equipe econ\u00f4mica est\u00e1 correndo contra o tempo para tentar anunciar, ainda hoje, os cortes no Or\u00e7amento e as medidas adicionais para cobrir o rombo adicional de R$ 58,2 bilh\u00f5es. Est\u00e1 praticamente certo que o contingenciamento dos gastos ser\u00e1 de R$ 30 bilh\u00f5es. Outros R$ 6 bilh\u00f5es vir\u00e3o da reonera\u00e7\u00e3o da folha de pagamento e R$ 22,2 bilh\u00f5es de dep\u00f3sitos judiciais, concess\u00f5es e privatiza\u00e7\u00f5es.<\/p>\n<p>&nbsp;<\/p>\n<p>Com isso, a princ\u00edpio, o governo n\u00e3o precisar\u00e1 anunciar aumento de impostos agora, evitando desgastes ao presidente Michel Temer. Ele j\u00e1 ouviu de v\u00e1rios empres\u00e1rios que o momento n\u00e3o \u00e9 para se elevar a carga tribut\u00e1ria, uma vez que o pa\u00eds ainda se debate para sair da recess\u00e3o. Tamb\u00e9m j\u00e1 foi avisado pelos l\u00edderes de partidos da base aliada de que, no Congresso, dificilmente a eleva\u00e7\u00e3o de impostos ser\u00e1 aprovada.<\/p>\n<p>&nbsp;<\/p>\n<p>Os n\u00fameros finais ser\u00e3o fechados em uma reuni\u00e3o, no fim da tarde, entre Temer e os ministros da Fazenda, Henrique Meirelles, e do Planejamento, Dyogo de Oliveira. Para a equipe econ\u00f4mica, \u00e9 muito importante resolver esse assunto logo, pois \u00e9 grande a desconfian\u00e7a entre os agentes econ\u00f4micos de que o governo ser\u00e1 obrigado a rever a meta fiscal deste ano, de deficit m\u00e1ximo de R$ 139 bilh\u00f5es.<\/p>\n<p>&nbsp;<\/p>\n<p><strong>Arrecada\u00e7\u00e3o<\/strong><\/p>\n<p>&nbsp;<\/p>\n<p>A equipe econ\u00f4mica n\u00e3o descarta que ter\u00e1 que aumentar impostos nos pr\u00f3ximos meses. Mesmo com a arrecada\u00e7\u00e3o apresentando crescimento real nos dois primeiros meses do ano, n\u00e3o h\u00e1 como acreditar que o volume total de impostos arrecadados ser\u00e1 suficiente para cobrir todas as despesas.<\/p>\n<p>&nbsp;<\/p>\n<p>&#8220;Estamos em uma situa\u00e7\u00e3o muito complicada. O espa\u00e7o para cortar gastos \u00e9 m\u00ednimo, a gritaria contra aumento de impostos \u00e9 enorme e temos que contar com a sorte de que as receitas extraordin\u00e1rias que estamos prevendo v\u00e3o se concretizar&#8221;, diz um integrante da equipe econ\u00f4mica.<\/p>\n<p>&nbsp;<\/p>\n<p>No mercado, a complac\u00eancia em rela\u00e7\u00e3o ao governo j\u00e1 n\u00e3o \u00e9 t\u00e3o grande como h\u00e1 algumas semanas. Mas os investidores temem que o governo n\u00e3o seja capaz de entregar o que prometeu em termos de ajuste fiscal.<\/p>\n<p>&nbsp;<\/p>\n<p><em>Bras\u00edlia, 11h05min<\/em><\/p>\n","protected":false},"excerpt":{"rendered":"<p>A equipe econ\u00f4mica est\u00e1 correndo contra o tempo para tentar anunciar, ainda hoje, os cortes no Or\u00e7amento e as medidas adicionais para cobrir o rombo adicional de R$ 58,2 bilh\u00f5es. Est\u00e1 praticamente certo que o contingenciamento dos gastos ser\u00e1 de R$ 30 bilh\u00f5es. Outros R$ 6 bilh\u00f5es vir\u00e3o da reonera\u00e7\u00e3o da folha de pagamento e [&hellip;]<\/p>\n","protected":false},"author":22,"featured_media":0,"comment_status":"open","ping_status":"closed","sticky":false,"template":"","format":"standard","meta":{"footnotes":""},"categories":[600],"tags":[13,1259,455,2100,2102,1235,2101],"class_list":["post-4490","post","type-post","status-publish","format-standard","hentry","category-economia","tag-ajuste-fiscal","tag-carga-tributaria","tag-concessoes","tag-cortes-no-orcamento","tag-depositos-judiciais","tag-r-30-bilhoes","tag-reoneracao-da-folha-de-pagamento"],"_links":{"self":[{"href":"https:\/\/blogs.correiobraziliense.com.br\/vicente\/wp-json\/wp\/v2\/posts\/4490","targetHints":{"allow":["GET"]}}],"collection":[{"href":"https:\/\/blogs.correiobraziliense.com.br\/vicente\/wp-json\/wp\/v2\/posts"}],"about":[{"href":"https:\/\/blogs.correiobraziliense.com.br\/vicente\/wp-json\/wp\/v2\/types\/post"}],"author":[{"embeddable":true,"href":"https:\/\/blogs.correiobraziliense.com.br\/vicente\/wp-json\/wp\/v2\/users\/22"}],"replies":[{"embeddable":true,"href":"https:\/\/blogs.correiobraziliense.com.br\/vicente\/wp-json\/wp\/v2\/comments?post=4490"}],"version-history":[{"count":4,"href":"https:\/\/blogs.correiobraziliense.com.br\/vicente\/wp-json\/wp\/v2\/posts\/4490\/revisions"}],"predecessor-version":[{"id":4494,"href":"https:\/\/blogs.correiobraziliense.com.br\/vicente\/wp-json\/wp\/v2\/posts\/4490\/revisions\/4494"}],"wp:attachment":[{"href":"https:\/\/blogs.correiobraziliense.com.br\/vicente\/wp-json\/wp\/v2\/media?parent=4490"}],"wp:term":[{"taxonomy":"category","embeddable":true,"href":"https:\/\/blogs.correiobraziliense.com.br\/vicente\/wp-json\/wp\/v2\/categories?post=4490"},{"taxonomy":"post_tag","embeddable":true,"href":"https:\/\/blogs.correiobraziliense.com.br\/vicente\/wp-json\/wp\/v2\/tags?post=4490"}],"curies":[{"name":"wp","href":"https:\/\/api.w.org\/{rel}","templated":true}]}}