{"id":4471,"date":"2017-03-24T10:05:35","date_gmt":"2017-03-24T13:05:35","guid":{"rendered":"https:\/\/blogs.correiobraziliense.com.br\/vicente\/?p=4471"},"modified":"2017-03-24T11:15:34","modified_gmt":"2017-03-24T14:15:34","slug":"ressuscitada-telebras-tem-patrimonio-negativo-de-r-500-milhoes","status":"publish","type":"post","link":"https:\/\/blogs.correiobraziliense.com.br\/vicente\/ressuscitada-telebras-tem-patrimonio-negativo-de-r-500-milhoes\/","title":{"rendered":"Ressuscitada, Telebras tem patrim\u00f4nio negativo de R$ 500 milh\u00f5es"},"content":{"rendered":"<h2>A m\u00e1 administra\u00e7\u00e3o nas empresas no setor p\u00fablico n\u00e3o \u00e9 novidade para ningu\u00e9m. Mas na Telebras, a situa\u00e7\u00e3o est\u00e1 gritante, como mostra balan\u00e7o divulgado hoje. A estatal est\u00e1, literalmente, afundando. Tanto que, se fosse fosse fechada novamente &#8212; a companhia foi ressuscitada pela ent\u00e3o presidente Dilma Rousseff &#8212; ficaria devendo R$ 500 milh\u00f5es depois da venda do que ainda lhe resta de patrim\u00f4nio.<\/h2>\n<p>&nbsp;<\/p>\n<p>Entre 2015 e 2016, o rombo na Telebras mais que dobrou. O patrim\u00f4nio l\u00edquido negativo saltou de R$ 218,8 milh\u00f5es para R$ 500,1 milh\u00f5es, ou seja, um aumento de 128,5% num buraco que n\u00e3o se sabe onde vai parar. O patrim\u00f4nio negativo da Telebras cresce por causa dos consecutivos preju\u00edzos acumulados, que saltaram, no ano passado, de R$ 498,7 milh\u00f5es para R$ 769,6 milh\u00f5es.<\/p>\n<p>&nbsp;<\/p>\n<p>O mais impressionante \u00e9 que, mesmo mergulhada no preju\u00edzo, a Telebras, que est\u00e1 subordinada ao Minist\u00e9rio da Ci\u00eancia, Tecnologia, Inova\u00e7\u00f5es e Comunica\u00e7\u00f5es, comandado por Gilberto Kassab, est\u00e1 sendo loteada. Quer dizer, aumentando o n\u00famero de &#8220;colaboradores&#8221;, como ressalta em balan\u00e7o.<\/p>\n<p>&nbsp;<\/p>\n<p><strong>Loteamento<\/strong><\/p>\n<p>&nbsp;<\/p>\n<p>Os gastos com pessoal cresceram, entre 2015 e 2016, 39,5%, com a fatura pulando de R$ 50,7 milh\u00f5es para R$ 70,8 milh\u00f5es. No total, as despesas operacionais da Telebras subiram, no ano passado, 18%, totalizando R$ 195,2 milh\u00f5es. Isso, mesmo sem uma justificativa plaus\u00edvel para uma empresa que havia sido praticamente fechada.<\/p>\n<p>&nbsp;<\/p>\n<p>No ano passado, os preju\u00edzos da Telebras totalizaram R$ 270,9 milh\u00f5es contra perdas de R$ 235,6 milh\u00f5es em 2015. Diante desses n\u00fameros, gente s\u00e9ria do governo diz n\u00e3o entender o porqu\u00ea da exist\u00eancia da Telebras, que perdeu sua raz\u00e3o de ser quando houve a privatiza\u00e7\u00e3o do sistema. Ao reabrir a companhia, Dilma Rousseff permitiu mais um cabide de emprego.<\/p>\n<p>&nbsp;<\/p>\n<p>Vale ressaltar que as empresas controladas pelo minist\u00e9rio comandado por Kassab se tornaram um ralo por onde escorre dinheiro p\u00fablico. Os Correios , que j\u00e1 foram modelo de administra\u00e7\u00e3o, acumulam preju\u00edzos de mais de R$ 4 bilh\u00f5es em apenas dois anos. Mesmo com todas as perdas, a diretoria da empresa mant\u00e9m benesses. Um grupo de diretores est\u00e1 em um tour pelo exterior com tudo pago pela companhia.<\/p>\n<p>&nbsp;<\/p>\n<p><em>Bras\u00edlia, 10h05min<\/em><\/p>\n","protected":false},"excerpt":{"rendered":"<p>A m\u00e1 administra\u00e7\u00e3o nas empresas no setor p\u00fablico n\u00e3o \u00e9 novidade para ningu\u00e9m. Mas na Telebras, a situa\u00e7\u00e3o est\u00e1 gritante, como mostra balan\u00e7o divulgado hoje. A estatal est\u00e1, literalmente, afundando. Tanto que, se fosse fosse fechada novamente &#8212; a companhia foi ressuscitada pela ent\u00e3o presidente Dilma Rousseff &#8212; ficaria devendo R$ 500 milh\u00f5es depois da [&hellip;]<\/p>\n","protected":false},"author":22,"featured_media":0,"comment_status":"open","ping_status":"closed","sticky":false,"template":"","format":"standard","meta":{"footnotes":""},"categories":[600],"tags":[11,642,2088,168,540,2089,1895],"class_list":["post-4471","post","type-post","status-publish","format-standard","hentry","category-economia","tag-dilma-rousseff","tag-gilberto-kassab","tag-patrimonio-negativo","tag-prejuizos","tag-privatizacao","tag-r-500-milhoes","tag-telebras"],"_links":{"self":[{"href":"https:\/\/blogs.correiobraziliense.com.br\/vicente\/wp-json\/wp\/v2\/posts\/4471","targetHints":{"allow":["GET"]}}],"collection":[{"href":"https:\/\/blogs.correiobraziliense.com.br\/vicente\/wp-json\/wp\/v2\/posts"}],"about":[{"href":"https:\/\/blogs.correiobraziliense.com.br\/vicente\/wp-json\/wp\/v2\/types\/post"}],"author":[{"embeddable":true,"href":"https:\/\/blogs.correiobraziliense.com.br\/vicente\/wp-json\/wp\/v2\/users\/22"}],"replies":[{"embeddable":true,"href":"https:\/\/blogs.correiobraziliense.com.br\/vicente\/wp-json\/wp\/v2\/comments?post=4471"}],"version-history":[{"count":1,"href":"https:\/\/blogs.correiobraziliense.com.br\/vicente\/wp-json\/wp\/v2\/posts\/4471\/revisions"}],"predecessor-version":[{"id":4472,"href":"https:\/\/blogs.correiobraziliense.com.br\/vicente\/wp-json\/wp\/v2\/posts\/4471\/revisions\/4472"}],"wp:attachment":[{"href":"https:\/\/blogs.correiobraziliense.com.br\/vicente\/wp-json\/wp\/v2\/media?parent=4471"}],"wp:term":[{"taxonomy":"category","embeddable":true,"href":"https:\/\/blogs.correiobraziliense.com.br\/vicente\/wp-json\/wp\/v2\/categories?post=4471"},{"taxonomy":"post_tag","embeddable":true,"href":"https:\/\/blogs.correiobraziliense.com.br\/vicente\/wp-json\/wp\/v2\/tags?post=4471"}],"curies":[{"name":"wp","href":"https:\/\/api.w.org\/{rel}","templated":true}]}}