{"id":4462,"date":"2017-03-22T19:05:32","date_gmt":"2017-03-22T22:05:32","guid":{"rendered":"https:\/\/blogs.correiobraziliense.com.br\/vicente\/?p=4462"},"modified":"2017-03-22T20:15:37","modified_gmt":"2017-03-22T23:15:37","slug":"vice-presidente-dos-correios-exalta-gastanca-em-viagem","status":"publish","type":"post","link":"https:\/\/blogs.correiobraziliense.com.br\/vicente\/vice-presidente-dos-correios-exalta-gastanca-em-viagem\/","title":{"rendered":"Vice-presidente dos Correios exalta a gastan\u00e7a em viagem"},"content":{"rendered":"<h2>ANDERSON COSTOLLI<\/h2>\n<h2><\/h2>\n<h2>Num momento em que o governo amea\u00e7a o pa\u00eds com aumento de impostos para cobrir um rombo de R$ 58,2 bilh\u00f5es nas contas federais e que os Correios suspendem f\u00e9rias de funcion\u00e1rios por acumular preju\u00edzos superiores a R$ 4 bilh\u00f5es em dois anos, seria de bom tom que funcion\u00e1rios do setor p\u00fablico dessem bons exemplos.<\/h2>\n<p>&nbsp;<\/p>\n<p>Mas, entre vice-presidentes dos Correios e t\u00e9cnicos da empresa, parece que a falta de dinheiro n\u00e3o \u00e9 problema. Desde 17 de mar\u00e7o, um grupo de executivos est\u00e1 viajando pela Europa, num tour bancado integralmente pela estatal. A viagem vai durar at\u00e9 o dia 26 e contemplar\u00e1 quatro pa\u00edses.<\/p>\n<p>&nbsp;<\/p>\n<p>O mais entusiasmado da viagem \u00e9 Eugenio Walter Pinchemel Montenegro Cerqueira, vice-presidente Corporativo dos Correios. Ele adicionou, no Facebook, nove fotos e um v\u00eddeo. Na mensagem, ressalta as belezas de Berlim, na Alemanha. Para comprovar o entusiasmo dele, veja a reprodu\u00e7\u00e3o abaixo.<\/p>\n<p>&nbsp;<\/p>\n<p><a href=\"https:\/\/blogs.correiobraziliense.com.br\/vicente\/wp-content\/uploads\/sites\/16\/2017\/03\/CorreiosVice.jpg\" rel=\"attachment wp-att-4463\"><img loading=\"lazy\" decoding=\"async\" class=\"alignnone  wp-image-4463\" src=\"https:\/\/blogs.correiobraziliense.com.br\/vicente\/wp-content\/uploads\/sites\/16\/2017\/03\/CorreiosVice-210x300.jpg\" alt=\"CorreiosVice\" width=\"321\" height=\"459\" srcset=\"https:\/\/blogs.correiobraziliense.com.br\/vicente\/wp-content\/uploads\/sites\/16\/2017\/03\/CorreiosVice-210x300.jpg 210w, https:\/\/blogs.correiobraziliense.com.br\/vicente\/wp-content\/uploads\/sites\/16\/2017\/03\/CorreiosVice-717x1024.jpg 717w, https:\/\/blogs.correiobraziliense.com.br\/vicente\/wp-content\/uploads\/sites\/16\/2017\/03\/CorreiosVice-245x350.jpg 245w, https:\/\/blogs.correiobraziliense.com.br\/vicente\/wp-content\/uploads\/sites\/16\/2017\/03\/CorreiosVice-550x785.jpg 550w, https:\/\/blogs.correiobraziliense.com.br\/vicente\/wp-content\/uploads\/sites\/16\/2017\/03\/CorreiosVice-230x328.jpg 230w, https:\/\/blogs.correiobraziliense.com.br\/vicente\/wp-content\/uploads\/sites\/16\/2017\/03\/CorreiosVice.jpg 720w\" sizes=\"auto, (max-width: 321px) 100vw, 321px\" \/><\/a><\/p>\n<p>&nbsp;<\/p>\n<p>N\u00e3o custa reproduzir o texto de Eug\u00eanio: &#8220;Berlim linda cidade, domingo n\u00e3o funciona shopping, restaurantes e atividades culturais e hist\u00f3ricas. Han\u00f4ver o interior do hotel aconchegante boa acomoda\u00e7\u00e3o e restaurante nota 10&#8221;.<\/p>\n<p>&nbsp;<\/p>\n<p>Pela autoriza\u00e7\u00e3o de viagem publicada no <em>Di\u00e1rio Oficial da Uni\u00e3o<\/em>, apenas uma cidade na Alemanha est\u00e1 prevista no roteiro: Leipzig. N\u00e3o h\u00e1 previs\u00e3o de os executivos dos Correios irem para Berlim ou Han\u00f4ver. Certamente, como dinheiro ali n\u00e3o \u00e9 problema, mesmo os Correios estando como rombo superior a R$ 4 bilh\u00f5es, n\u00e3o havia porque deixar de dar uma esticadinha. Basta apresentar as notas, que a empresa pagar\u00e1. Mesmo que isso signifique impor mais restri\u00e7\u00f5es \u00e0 grande maioria dos empregados da estatal.<\/p>\n<p>&nbsp;<\/p>\n<p>Alertado por amigos, Eug\u00eanio retirou todas as fotos de sua viagem do Facebook. Afinal, n\u00e3o haveria porque esfregar a gastan\u00e7a na cara de todos os funcion\u00e1rios dos Correios, que s\u00f3 poder\u00e3o tirar f\u00e9rias um m\u00eas antes de completarem dois anos de trabalho ininterruptos.<\/p>\n<p>&nbsp;<\/p>\n<p>N\u00e3o se estranha tudo o que est\u00e1 ocorrendo nos Correios, a empresa, assim como todas as estatais, vem sendo loteada por indica\u00e7\u00f5es pol\u00edticas em troca de apoio no Congresso. Os preju\u00edzos acumulados decorrem da m\u00e1-gest\u00e3o, de neg\u00f3cios fechados sem embasamento t\u00e9cnico e do despreparo dos gestores. Mas por que se importar com isso se o controlador dos Correios \u00e9 o Tesouro Nacional, que, no frigir dos ovos, acabar\u00e1 cobrindo os buracos nas estatais?<\/p>\n<p>&nbsp;<\/p>\n<p><em>Bras\u00edlia, 19h05min\u00a0<\/em><\/p>\n","protected":false},"excerpt":{"rendered":"<p>ANDERSON COSTOLLI Num momento em que o governo amea\u00e7a o pa\u00eds com aumento de impostos para cobrir um rombo de R$ 58,2 bilh\u00f5es nas contas federais e que os Correios suspendem f\u00e9rias de funcion\u00e1rios por acumular preju\u00edzos superiores a R$ 4 bilh\u00f5es em dois anos, seria de bom tom que funcion\u00e1rios do setor p\u00fablico dessem [&hellip;]<\/p>\n","protected":false},"author":22,"featured_media":0,"comment_status":"open","ping_status":"closed","sticky":false,"template":"","format":"standard","meta":{"footnotes":""},"categories":[600],"tags":[1363,2084,2085,2083,668],"class_list":["post-4462","post","type-post","status-publish","format-standard","hentry","category-economia","tag-correios","tag-dinheiro-publico","tag-eugenio-pinchemel","tag-prejuizos-de-mais-de-r-4-bilhoes","tag-viagem"],"_links":{"self":[{"href":"https:\/\/blogs.correiobraziliense.com.br\/vicente\/wp-json\/wp\/v2\/posts\/4462","targetHints":{"allow":["GET"]}}],"collection":[{"href":"https:\/\/blogs.correiobraziliense.com.br\/vicente\/wp-json\/wp\/v2\/posts"}],"about":[{"href":"https:\/\/blogs.correiobraziliense.com.br\/vicente\/wp-json\/wp\/v2\/types\/post"}],"author":[{"embeddable":true,"href":"https:\/\/blogs.correiobraziliense.com.br\/vicente\/wp-json\/wp\/v2\/users\/22"}],"replies":[{"embeddable":true,"href":"https:\/\/blogs.correiobraziliense.com.br\/vicente\/wp-json\/wp\/v2\/comments?post=4462"}],"version-history":[{"count":1,"href":"https:\/\/blogs.correiobraziliense.com.br\/vicente\/wp-json\/wp\/v2\/posts\/4462\/revisions"}],"predecessor-version":[{"id":4464,"href":"https:\/\/blogs.correiobraziliense.com.br\/vicente\/wp-json\/wp\/v2\/posts\/4462\/revisions\/4464"}],"wp:attachment":[{"href":"https:\/\/blogs.correiobraziliense.com.br\/vicente\/wp-json\/wp\/v2\/media?parent=4462"}],"wp:term":[{"taxonomy":"category","embeddable":true,"href":"https:\/\/blogs.correiobraziliense.com.br\/vicente\/wp-json\/wp\/v2\/categories?post=4462"},{"taxonomy":"post_tag","embeddable":true,"href":"https:\/\/blogs.correiobraziliense.com.br\/vicente\/wp-json\/wp\/v2\/tags?post=4462"}],"curies":[{"name":"wp","href":"https:\/\/api.w.org\/{rel}","templated":true}]}}