{"id":4438,"date":"2017-03-19T13:15:51","date_gmt":"2017-03-19T16:15:51","guid":{"rendered":"https:\/\/blogs.correiobraziliense.com.br\/vicente\/?p=4438"},"modified":"2017-03-19T13:55:22","modified_gmt":"2017-03-19T16:55:22","slug":"operacao-abafa-para-tentar-tirar-carne-podre-do-centro-do-noticiario","status":"publish","type":"post","link":"https:\/\/blogs.correiobraziliense.com.br\/vicente\/operacao-abafa-para-tentar-tirar-carne-podre-do-centro-do-noticiario\/","title":{"rendered":"Opera\u00e7\u00e3o abafa para tentar tirar carne podre do centro do notici\u00e1rio"},"content":{"rendered":"<h2>O governo e as grandes empresas envolvidas nas fraudes que resultaram na venda de carne podre, inclusive para merendas escolares, est\u00e3o agindo nos bastidores para tirar o assunto do centro do notici\u00e1rio. O argumento \u00e9 o de que o Brasil perder\u00e1 muito em termos econ\u00f4micos, o que pode sacrificar a retomada do crescimento do Produto Interno Bruto (PIB).<\/h2>\n<p>&nbsp;<\/p>\n<p>Ora, se n\u00e3o quisessem estar envolvidas nesse esc\u00e2ndalo inaceit\u00e1vel, as empresas deveriam ter cumprido a legisla\u00e7\u00e3o. Simples assim. Mas, n\u00e3o. Acreditando na impunidade e movidos pela gan\u00e2ncia, os frigor\u00edficos que vendiam carne podre, com produtos cancer\u00edgenos e mo\u00edda com papel\u00e3o, acharam mais f\u00e1cil subornar fiscais corruptos do Minist\u00e9rio da Agricultura.<\/p>\n<p>&nbsp;<\/p>\n<p>Agora, que paguem pelo crime que cometeram. E caro. O esquema, liderado pelas gigantes JBS, dona das marcas Friboi, Seara e Big Frango, e BRF Foods, propriet\u00e1ria da Sadia e da Perdig\u00e3o, atenta contra o bem mais sagrado, a sa\u00fade p\u00fablica. O esquema criminoso desvendado pela Opera\u00e7\u00e3o Carne Fraca, da Pol\u00edcia Federal, vem de muito tempo. N\u00e3o come\u00e7ou h\u00e1 dois anos, tempo das investiga\u00e7\u00f5es da PF.<\/p>\n<p>&nbsp;<\/p>\n<p>A JBS e a BRF Foods t\u00eam l\u00edderes influentes junto ao governo e \u00e0 m\u00eddia. Joesley Batista e Ab\u00edlio Diniz t\u00eam as portas escancaradas em Bras\u00edlia. Sabem, exatamente como funcionam as coisas no submundo da pol\u00edtica. Desde sexta-feira, quando o esc\u00e2ndalo da carne podre abalou o pa\u00eds, os dois t\u00eam falado com pol\u00edticos de todas as matizes, de tentativa de que o governo consiga frear os estragos na imagem das companhias. Mas ser\u00e1 dif\u00edcil que consigam reverter a crise.<\/p>\n<p>&nbsp;<\/p>\n<p>J\u00e1 os fiscais do Minist\u00e9rio da Agricultura seguem tranquilos, mesmo os que est\u00e3o presos. Continuam recebendo normalmente os sal\u00e1rios. Agora, v\u00e3o responder a processos administrativos, que se arrastar\u00e3o por anos. Quando o caso cair no esquecimento, ser\u00e3o todos absolvidos. Ser\u00e3o remanejados para outras superintend\u00eancias e seguir\u00e3o a vida, certamente, prontos para continuarem convivendo com a corrup\u00e7\u00e3o que lhes garante vida boa.<\/p>\n<p>&nbsp;<\/p>\n<p><i>Bras\u00edlia, 13h15min<\/i><\/p>\n","protected":false},"excerpt":{"rendered":"<p>O governo e as grandes empresas envolvidas nas fraudes que resultaram na venda de carne podre, inclusive para merendas escolares, est\u00e3o agindo nos bastidores para tirar o assunto do centro do notici\u00e1rio. O argumento \u00e9 o de que o Brasil perder\u00e1 muito em termos econ\u00f4micos, o que pode sacrificar a retomada do crescimento do Produto [&hellip;]<\/p>\n","protected":false},"author":22,"featured_media":0,"comment_status":"open","ping_status":"closed","sticky":false,"template":"","format":"standard","meta":{"footnotes":""},"categories":[600],"tags":[2067,2047,2050,2068,509,558,2046,126,2069],"class_list":["post-4438","post","type-post","status-publish","format-standard","hentry","category-economia","tag-abilio-diniz","tag-brf-foods","tag-carne-podre","tag-frigorificos","tag-jbs","tag-joesley-batista","tag-operacao-carne-fraca","tag-policia-federal","tag-produtos-cancerigenos"],"_links":{"self":[{"href":"https:\/\/blogs.correiobraziliense.com.br\/vicente\/wp-json\/wp\/v2\/posts\/4438","targetHints":{"allow":["GET"]}}],"collection":[{"href":"https:\/\/blogs.correiobraziliense.com.br\/vicente\/wp-json\/wp\/v2\/posts"}],"about":[{"href":"https:\/\/blogs.correiobraziliense.com.br\/vicente\/wp-json\/wp\/v2\/types\/post"}],"author":[{"embeddable":true,"href":"https:\/\/blogs.correiobraziliense.com.br\/vicente\/wp-json\/wp\/v2\/users\/22"}],"replies":[{"embeddable":true,"href":"https:\/\/blogs.correiobraziliense.com.br\/vicente\/wp-json\/wp\/v2\/comments?post=4438"}],"version-history":[{"count":1,"href":"https:\/\/blogs.correiobraziliense.com.br\/vicente\/wp-json\/wp\/v2\/posts\/4438\/revisions"}],"predecessor-version":[{"id":4439,"href":"https:\/\/blogs.correiobraziliense.com.br\/vicente\/wp-json\/wp\/v2\/posts\/4438\/revisions\/4439"}],"wp:attachment":[{"href":"https:\/\/blogs.correiobraziliense.com.br\/vicente\/wp-json\/wp\/v2\/media?parent=4438"}],"wp:term":[{"taxonomy":"category","embeddable":true,"href":"https:\/\/blogs.correiobraziliense.com.br\/vicente\/wp-json\/wp\/v2\/categories?post=4438"},{"taxonomy":"post_tag","embeddable":true,"href":"https:\/\/blogs.correiobraziliense.com.br\/vicente\/wp-json\/wp\/v2\/tags?post=4438"}],"curies":[{"name":"wp","href":"https:\/\/api.w.org\/{rel}","templated":true}]}}