{"id":4426,"date":"2017-03-18T10:10:14","date_gmt":"2017-03-18T13:10:14","guid":{"rendered":"https:\/\/blogs.correiobraziliense.com.br\/vicente\/?p=4426"},"modified":"2017-03-18T12:59:01","modified_gmt":"2017-03-18T15:59:01","slug":"o-inacreditavel-desrespeito-dos-frigorificos","status":"publish","type":"post","link":"https:\/\/blogs.correiobraziliense.com.br\/vicente\/o-inacreditavel-desrespeito-dos-frigorificos\/","title":{"rendered":"O inacredit\u00e1vel desrespeito dos frigor\u00edficos"},"content":{"rendered":"<h2>A corrup\u00e7\u00e3o no Brasil n\u00e3o tem limites. Quando se pensa que tudo de ruim j\u00e1 aconteceu, vem a Opera\u00e7\u00e3o Carne Fraca, deflagrada pela Pol\u00edcia Federal. Depois de dois anos de investiga\u00e7\u00f5es, descobriu-se que o pa\u00eds est\u00e1 sendo alimentado por carne podre, infectada por bact\u00e9rias e infestada de \u00e1cido asc\u00f3rbico, altamente cancer\u00edgeno. Sabe-se, agora, que estamos comendo frango mo\u00eddo com papel\u00e3o e mortadela, salsicha e lingui\u00e7a produzidas de forma impr\u00f3pria. N\u00e3o h\u00e1 o menor respeito aos consumidores. Do lado das empresas, a \u00fanica coisa que interessa \u00e9 o lucro a qualquer custo. Para fiscais do Minist\u00e9rio da Agricultura, o mais importante \u00e9 garantir propinas da corrup\u00e7\u00e3o para bancar uma vida de luxo. Inacredit\u00e1vel.<\/h2>\n<h2><\/h2>\n<h2>A organiza\u00e7\u00e3o criminosa foi comandada pelos dois maiores produtores de alimentos do pa\u00eds, os grupos JBS, controlador da Friboi, da Seara e da Swift, e BRF Brasil, dono da Sadia e Perdig\u00e3o. Esses grupos s\u00f3 se tornaram o que s\u00e3o hoje gra\u00e7as \u00e0 m\u00e3o amiga do governo, que liberou bilh\u00f5es de reais em empr\u00e9stimos a juros camaradas por meio do Banco Nacional de Desenvolvimento Econ\u00f4mico e Social (BNDES). O JBS, por sinal, foi eleito no governo Lula como um dos campe\u00f5es nacionais. A proximidade do poder inebriou os irm\u00e3os Joesley e Wesley Batista, que transformaram, em tempo recorde, um pequeno frigor\u00edfico no maior conglomerado produtor de prote\u00edna animal do mundo.<\/h2>\n<p>&nbsp;<\/p>\n<p>A pol\u00edtica est\u00e1 envolvida at\u00e9 o pesco\u00e7o nesse crime inaceit\u00e1vel. Como ressaltou o delegado da PF Maur\u00edcio Moscardi Grillo, o esquema de corrup\u00e7\u00e3o, que consistia na libera\u00e7\u00e3o de licen\u00e7as para a comercializa\u00e7\u00e3o de produtos fora da lei, irrigou o caixa do PP, partido do atual ministro da Agricultura, Blairo Maggi, e do PMDB. Historicamente, as duas legendas, mesmo nos governos petistas, sempre lotearam a pasta. Em troca de apoio pol\u00edtico, o governo entregou as superintend\u00eancias regionais do minist\u00e9rio para apadrinhados pol\u00edticos. Sabendo da propens\u00e3o \u00e0 corrup\u00e7\u00e3o de muitos deles, as empresas n\u00e3o se intimidaram em oferecer propina para ver seus interesses atendidos ou irregularidades protegidas.<\/p>\n<p>&nbsp;<\/p>\n<p>Isso mostra o quanto o sistema est\u00e1 contaminado pela corrup\u00e7\u00e3o. Esperava-se que a Lava-Jato, que completou tr\u00eas anos ontem, justamente no dia em que a Opera\u00e7\u00e3o Carne Fraca foi colocada na rua, tivesse contribu\u00eddo para reduzir a corrup\u00e7\u00e3o. Infelizmente, n\u00e3o. Os crimes contra o pa\u00eds continuam sendo cometidos na cara dura. Que se danem os cofres do governo e a sa\u00fade p\u00fablica. Entre jogar no lixo carnes estragadas e registrar as perdas nos balan\u00e7os, os frigor\u00edficos preferem reembal\u00e1-las e vend\u00ea-las ou mesmo tritur\u00e1-las e fazer embutidos que s\u00e3o inclu\u00eddos no card\u00e1pio da merenda escolar.<\/p>\n<p>&nbsp;<\/p>\n<p><b>Estado paralelo<\/b><\/p>\n<p>&nbsp;<\/p>\n<p>Em vez de um discurso veemente de rep\u00fadio \u00e0s empresas que desdenham dos consumidores, o governo tenta baixar a poeira, alegando que o estrago da Opera\u00e7\u00e3o Carne Fraca na economia pode ser grande, seja por reduzir o consumo interno, seja por prejudicar as exporta\u00e7\u00f5es. Para o Pal\u00e1cio do Planalto, os frigor\u00edficos s\u00e3o grandes e importantes empregadores neste momento em que se tenta tirar o pa\u00eds da recess\u00e3o. Ningu\u00e9m, por\u00e9m, est\u00e1 questionando a import\u00e2ncia desse setor para a economia. Grandes ou pequenas, as empresas n\u00e3o podem cometer crimes como os revelados pela Pol\u00edcia Federal. O m\u00ednimo que se espera delas \u00e9 respeito aos consumidores, ofertando produtos de qualidade.<\/p>\n<p>&nbsp;<\/p>\n<p>Em qualquer pa\u00eds s\u00e9rio do mundo, a popula\u00e7\u00e3o daria in\u00edcio a um boicote \u00e0s marcas envolvidas nas irregularidades. Certamente, veremos protestos em parte dos 150 pa\u00edses para os quais exportamos carnes de boi, de frango e de porco. L\u00e1 fora h\u00e1 consci\u00eancia de que empresas que n\u00e3o respeitam as regras m\u00ednimas de sa\u00fade e do mercado devem ser banidas. Aqui, por\u00e9m, campanhas embaladas por artistas famosos v\u00e3o amenizar os fatos at\u00e9 que as den\u00fancias da Pol\u00edcia Federal caiam no esquecimento. Vamos ouvir, de novo, atores e apresentadores de tev\u00ea dizendo que se pode confiar nessa e naquela marcas, pois seus produtos s\u00e3o consumidos na casa deles. Alguns nem sequer comem carne. Est\u00e3o preocupados apenas em engordar a conta banc\u00e1ria.<\/p>\n<p>&nbsp;<\/p>\n<p>A Pol\u00edcia Federal j\u00e1 avisou que a Opera\u00e7\u00e3o Carne Fraca foi a primeira de v\u00e1rias que est\u00e3o por vir. H\u00e1 muito mais a ser desvendado sobre a organiza\u00e7\u00e3o criminosa que tomou de assalto o Minist\u00e9rio da Agricultura e corrompeu servidores que deveriam proteger os interesses dos consumidores. Resta saber se, diante de tantas evid\u00eancias de crimes, o governo deixar\u00e1 que os frigor\u00edficos, grandes financiadores de campanha, continuem atuando num Estado paralelo, sem lei. O ministro da Justi\u00e7a, Osmar Serraglio, tem muito a dizer sobre isso. Afinal, ele se dirigia a um dos l\u00edderes do esquema, o fiscal agropecu\u00e1rio Daniel Gon\u00e7alves Filho, como o \u201cgrande chefe\u201d.<\/p>\n<p>&nbsp;<\/p>\n<p><i>Bras\u00edlia, 10h10min<\/i><\/p>\n","protected":false},"excerpt":{"rendered":"<p>A corrup\u00e7\u00e3o no Brasil n\u00e3o tem limites. Quando se pensa que tudo de ruim j\u00e1 aconteceu, vem a Opera\u00e7\u00e3o Carne Fraca, deflagrada pela Pol\u00edcia Federal. Depois de dois anos de investiga\u00e7\u00f5es, descobriu-se que o pa\u00eds est\u00e1 sendo alimentado por carne podre, infectada por bact\u00e9rias e infestada de \u00e1cido asc\u00f3rbico, altamente cancer\u00edgeno. Sabe-se, agora, que estamos [&hellip;]<\/p>\n","protected":false},"author":22,"featured_media":0,"comment_status":"open","ping_status":"closed","sticky":false,"template":"","format":"standard","meta":{"footnotes":""},"categories":[600],"tags":[2055,2050,1908,2046,2049,126,2048,2052,2064],"class_list":["post-4426","post","type-post","status-publish","format-standard","hentry","category-economia","tag-brf-brasil","tag-carne-podre","tag-friboi","tag-operacao-carne-fraca","tag-perdigao","tag-policia-federal","tag-sadia","tag-seara","tag-swift"],"_links":{"self":[{"href":"https:\/\/blogs.correiobraziliense.com.br\/vicente\/wp-json\/wp\/v2\/posts\/4426","targetHints":{"allow":["GET"]}}],"collection":[{"href":"https:\/\/blogs.correiobraziliense.com.br\/vicente\/wp-json\/wp\/v2\/posts"}],"about":[{"href":"https:\/\/blogs.correiobraziliense.com.br\/vicente\/wp-json\/wp\/v2\/types\/post"}],"author":[{"embeddable":true,"href":"https:\/\/blogs.correiobraziliense.com.br\/vicente\/wp-json\/wp\/v2\/users\/22"}],"replies":[{"embeddable":true,"href":"https:\/\/blogs.correiobraziliense.com.br\/vicente\/wp-json\/wp\/v2\/comments?post=4426"}],"version-history":[{"count":1,"href":"https:\/\/blogs.correiobraziliense.com.br\/vicente\/wp-json\/wp\/v2\/posts\/4426\/revisions"}],"predecessor-version":[{"id":4427,"href":"https:\/\/blogs.correiobraziliense.com.br\/vicente\/wp-json\/wp\/v2\/posts\/4426\/revisions\/4427"}],"wp:attachment":[{"href":"https:\/\/blogs.correiobraziliense.com.br\/vicente\/wp-json\/wp\/v2\/media?parent=4426"}],"wp:term":[{"taxonomy":"category","embeddable":true,"href":"https:\/\/blogs.correiobraziliense.com.br\/vicente\/wp-json\/wp\/v2\/categories?post=4426"},{"taxonomy":"post_tag","embeddable":true,"href":"https:\/\/blogs.correiobraziliense.com.br\/vicente\/wp-json\/wp\/v2\/tags?post=4426"}],"curies":[{"name":"wp","href":"https:\/\/api.w.org\/{rel}","templated":true}]}}