{"id":4397,"date":"2017-03-15T06:12:02","date_gmt":"2017-03-15T09:12:02","guid":{"rendered":"https:\/\/blogs.correiobraziliense.com.br\/vicente\/?p=4397"},"modified":"2017-03-15T16:47:22","modified_gmt":"2017-03-15T19:47:22","slug":"ate-onde-vai-complacencia-do-mercado-com-temer","status":"publish","type":"post","link":"https:\/\/blogs.correiobraziliense.com.br\/vicente\/ate-onde-vai-complacencia-do-mercado-com-temer\/","title":{"rendered":"At\u00e9 onde vai a complac\u00eancia do mercado com Temer"},"content":{"rendered":"<h2>POR ANTONIO TEM\u00d3TEO<\/h2>\n<h2><\/h2>\n<h2>Os executivos dos principais bancos do pa\u00eds s\u00e3o un\u00e2nimes ao afirmar que a maioria dos analistas est\u00e1 excessivamente otimista com a possibilidade de o Congresso Nacional aprovar a reforma da Previd\u00eancia e de o governo passar ileso pela Lava-Jato. Somente ap\u00f3s a Procuradoria-Geral da Rep\u00fablica (PGR) encaminhar ao Supremo Tribunal Federal (STF) 83 pedidos de abertura de inqu\u00e9rito, o mercado caiu na real e passou a precificar a possibilidade de agravamento da crise pol\u00edtica.<\/h2>\n<p>&nbsp;<\/p>\n<p>A Bolsa de Valores de S\u00e3o Paulo (BM&amp;FBovespa) terminou o preg\u00e3o de ontem em queda de 1,27%, aos 64.699 pontos, ap\u00f3s um dia de forte oscila\u00e7\u00e3o. A confirma\u00e7\u00e3o oficial do envio de pedidos de inqu\u00e9ritos da PGR ao STF fez com que o mercado rolasse ladeira abaixo. O d\u00f3lar, que seguia comportado, subiu 0,63%, vendido a R$ 3,171. O otimismo de economistas e analistas est\u00e1 baseado nas vit\u00f3rias da base aliada de Michel Temer, mesmo em meio aos ru\u00eddos durante o processo.<\/p>\n<p>&nbsp;<\/p>\n<p>A complac\u00eancia do mercado em rela\u00e7\u00e3o a Temer, por\u00e9m, est\u00e1 por um fio diante das den\u00fancias do procurador-geral, Rodrigo Janot. Ao menos cinco ministros de Michel Temer podem se setor r\u00e9us caso o STF acate as den\u00fancias. O pr\u00f3prio presidente da Rep\u00fablica aparece nas dela\u00e7\u00f5es da Odebrecht, mas ele n\u00e3o pode ser investigado por a\u00e7\u00f5es estranhas ao mandato. A pergunta que todos se fazem \u00e9 qual ser\u00e1 o destino de Eliseu Padilha (Casa Civil), Moreira Franco (Secretaria-Geral da Presid\u00eancia), Gilberto Kassab (Comunica\u00e7\u00f5es), Aloysio Nunes Ferreira (Rela\u00e7\u00f5es Exteriores) e Bruno Araujo (Cidades), todos citados no esquema de corrup\u00e7\u00e3o comandado pela maior construtora do pa\u00eds.<\/p>\n<p>&nbsp;<\/p>\n<p>Tamb\u00e9m fazem parte das den\u00fancias o presidente da C\u00e2mara, Rodrigo Maia, e o presidente do Senado, Eun\u00edcio Oliveira. Entre os senadores est\u00e3o Renan Calheiros, Romero Juc\u00e1, Jos\u00e9 Serra, A\u00e9cio Neves e Edison Lob\u00e3o. Janot incluiu ainda nas den\u00fancias, com base em dela\u00e7\u00f5es da Odebrecht, os ex-presidentes Lula e Dilma Rousseff e os dois ministros da Fazenda dos governos petistas: Antonio Palocci, que est\u00e1 preso, e Guido Mantega. Estes, por n\u00e3o terem foro privilegiado, ser\u00e3o tratados na primeira inst\u00e2ncia.<\/p>\n<p>&nbsp;<\/p>\n<p><strong>Ruptura<\/strong><\/p>\n<p>&nbsp;<\/p>\n<p>Alguns banqueiros lembram que, mesmo a base parlamentar de Temer sendo infinitamente maior do que a que tinha Dilma Rousseff, o acirramento dos \u00e2nimos da popula\u00e7\u00e3o com a divulga\u00e7\u00e3o dos nomes pode alterar o quadro. \u201cSe tivermos uma onda de manifesta\u00e7\u00f5es, como as que ocorreram em 2013, a situa\u00e7\u00e3o tende a mudar consideravelmente. N\u00e3o podemos esquecer que o PT agora \u00e9 oposi\u00e7\u00e3o e est\u00e1 no DNA da sigla inflamar as massas\u201d, alerta um executivo.<\/p>\n<p>&nbsp;<\/p>\n<p>Com a economia ainda combalida, os banqueiros tremem com a possibilidade de outro processo de ruptura pol\u00edtica ou de paralisia do Brasil. Muitos ressaltam que as dela\u00e7\u00f5es da Odebrecht t\u00eam potencial para comprometer as principais lideran\u00e7as pol\u00edticas do pa\u00eds e afetar o ciclo de reformas pretendido pelo Executivo. Um deles ressalta que essa mudan\u00e7a de ambiente, caso concretizada, colocar\u00e1 os investidores em compasso de espera, manter\u00e1 as ind\u00fastrias ociosas, implicando alta do desemprego e retra\u00e7\u00e3o ainda mais forte do cr\u00e9dito.<\/p>\n<p>&nbsp;<\/p>\n<p>Esse processo, somado \u00e0 alta de juros nos Estados Unidos, encarecer\u00e1 o d\u00f3lar e obrigar\u00e1 o Banco Central (BC) a repensar o processo de queda da taxa b\u00e1sica de juros (Selic). \u201cEsse seria o pior dos mundos. E n\u00e3o vejo sa\u00edda se o governo mergulhar em uma crise\u201d, alerta outro banqueiro.<\/p>\n<p>&nbsp;<\/p>\n<p><strong>An\u00e1lises<\/strong><\/p>\n<p>&nbsp;<\/p>\n<p>Antes da divulga\u00e7\u00e3o dos pedidos de inqu\u00e9rito, o tema era debatido com alguma timidez pelos analistas. Em apresenta\u00e7\u00e3o aos participantes do Congresso de Meios de Pagamentos Eletr\u00f4nicos (Cmep), o economista-chefe do Citibank Bank no Brasil, Marcelo Kfoury, afirma que o maior risco para a recupera\u00e7\u00e3o do pa\u00eds \u00e9 uma paralisia do Congresso e das reformas. Ele n\u00e3o cita o imbr\u00f3glio pol\u00edtico que se desenha no pa\u00eds, mas aponta o processo de cassa\u00e7\u00e3o da chapa Dilma-Temer como um dos fatores que podem gerar instabilidade econ\u00f4mica.<\/p>\n<p>&nbsp;<\/p>\n<p>Mesmo sem levar em conta esse cen\u00e1rio nas proje\u00e7\u00f5es, o economista estima que a economia brasileira ter\u00e1 t\u00edmida expans\u00e3o de 0,1% em 2017 e que, somente em 2018, crescer\u00e1 3%. Para Kfoury, o ano come\u00e7a com um efeito negativo do carregamento de retra\u00e7\u00e3o de 1% para o Produto Interno Bruto (PIB) ap\u00f3s a maior recess\u00e3o da hist\u00f3ria. Al\u00e9m disso, ele lembra que o aumento do desemprego continua firme, o que impossibilitar\u00e1 uma alta do consumo das fam\u00edlias.<\/p>\n<p>&nbsp;<\/p>\n<p>Na avalia\u00e7\u00e3o do economista-s\u00eanior do Ita\u00fa Unibanco Luiz Gustavo Cherman, 2017 tende a ser um ano de recomposi\u00e7\u00e3o dos estoques, diante dos menores n\u00edveis registrados de toda a hist\u00f3ria. Ele ressalta que esse movimento da ind\u00fastria tem potencial para levar as empresas a comprar m\u00e1quinas e levar\u00e1 a economia a crescer 1% at\u00e9 dezembro.<\/p>\n<p>&nbsp;<\/p>\n<p>A chance de alguma coisa n\u00e3o sair como o mercado planeja \u00e9 consider\u00e1vel, analisa o economista-chefe do Santander, Maur\u00edcio Molan. Ele destaca que o mercado precifica a perfei\u00e7\u00e3o at\u00e9 o momento. \u201cEsperam que a reforma da Previd\u00eancia passar\u00e1, que a Lava-Jato n\u00e3o afetar\u00e1 a governabilidade e que o teto de gastos funcionar\u00e1 direitinho. Estimam que a d\u00edvida vai cair e que teremos um cen\u00e1rio eleitoral favor\u00e1vel para continuar as reformas. Essa \u00e9 uma vis\u00e3o extremamente benigna\u201d, alerta.<\/p>\n<p>&nbsp;<\/p>\n<p><em>Bras\u00edlia, 06h12min<\/em><\/p>\n","protected":false},"excerpt":{"rendered":"<p>POR ANTONIO TEM\u00d3TEO Os executivos dos principais bancos do pa\u00eds s\u00e3o un\u00e2nimes ao afirmar que a maioria dos analistas est\u00e1 excessivamente otimista com a possibilidade de o Congresso Nacional aprovar a reforma da Previd\u00eancia e de o governo passar ileso pela Lava-Jato. Somente ap\u00f3s a Procuradoria-Geral da Rep\u00fablica (PGR) encaminhar ao Supremo Tribunal Federal (STF) [&hellip;]<\/p>\n","protected":false},"author":22,"featured_media":0,"comment_status":"open","ping_status":"closed","sticky":false,"template":"","format":"standard","meta":{"footnotes":""},"categories":[600],"tags":[2034,2033,2032,111],"class_list":["post-4397","post","type-post","status-publish","format-standard","hentry","category-economia","tag-delacoes-da-odebrecht","tag-denuncias-ao-supremo-tribunal-federal","tag-lista-de-rodrigo-janot","tag-michel-temer"],"_links":{"self":[{"href":"https:\/\/blogs.correiobraziliense.com.br\/vicente\/wp-json\/wp\/v2\/posts\/4397","targetHints":{"allow":["GET"]}}],"collection":[{"href":"https:\/\/blogs.correiobraziliense.com.br\/vicente\/wp-json\/wp\/v2\/posts"}],"about":[{"href":"https:\/\/blogs.correiobraziliense.com.br\/vicente\/wp-json\/wp\/v2\/types\/post"}],"author":[{"embeddable":true,"href":"https:\/\/blogs.correiobraziliense.com.br\/vicente\/wp-json\/wp\/v2\/users\/22"}],"replies":[{"embeddable":true,"href":"https:\/\/blogs.correiobraziliense.com.br\/vicente\/wp-json\/wp\/v2\/comments?post=4397"}],"version-history":[{"count":1,"href":"https:\/\/blogs.correiobraziliense.com.br\/vicente\/wp-json\/wp\/v2\/posts\/4397\/revisions"}],"predecessor-version":[{"id":4398,"href":"https:\/\/blogs.correiobraziliense.com.br\/vicente\/wp-json\/wp\/v2\/posts\/4397\/revisions\/4398"}],"wp:attachment":[{"href":"https:\/\/blogs.correiobraziliense.com.br\/vicente\/wp-json\/wp\/v2\/media?parent=4397"}],"wp:term":[{"taxonomy":"category","embeddable":true,"href":"https:\/\/blogs.correiobraziliense.com.br\/vicente\/wp-json\/wp\/v2\/categories?post=4397"},{"taxonomy":"post_tag","embeddable":true,"href":"https:\/\/blogs.correiobraziliense.com.br\/vicente\/wp-json\/wp\/v2\/tags?post=4397"}],"curies":[{"name":"wp","href":"https:\/\/api.w.org\/{rel}","templated":true}]}}