{"id":4395,"date":"2017-03-15T15:56:16","date_gmt":"2017-03-15T18:56:16","guid":{"rendered":"https:\/\/blogs.correiobraziliense.com.br\/vicente\/?p=4395"},"modified":"2017-03-15T15:56:16","modified_gmt":"2017-03-15T18:56:16","slug":"bb-oferecera-aos-clientes-pulseiras-para-pagamento-sem-cartao","status":"publish","type":"post","link":"https:\/\/blogs.correiobraziliense.com.br\/vicente\/bb-oferecera-aos-clientes-pulseiras-para-pagamento-sem-cartao\/","title":{"rendered":"BB oferecer\u00e1 aos clientes pulseiras para pagamento sem cart\u00e3o"},"content":{"rendered":"<p class=\"p1\">POR ANTONIO TEM\u00d3TEO<\/p>\n<p class=\"p1\">\n<p class=\"p1\">O Banco do Brasil oferecer\u00e1 aos clientes at\u00e9 o fim do primeiro semestre pulseiras com tecnologia NFC para pagamentos em d\u00e9bito e cr\u00e9dito. Desenvolvido pela Visa, o adere\u00e7o \u00e9 um espelho do cart\u00e3o e ser\u00e1 uma alternativa ao pl\u00e1stico. Bastar\u00e1 o dono aproxim\u00e1-la da maquininha que a compra estar\u00e1 paga.<\/p>\n<p class=\"p1\">\n<p class=\"p1\">O diretor de meios de pagamento do BB, Rog\u00e9rio Panca, explicou que 80% dos equipamentos que recebem pagamento de cart\u00f5es tem a tecnologia NFC. Conforme ele, a id\u00e9ia \u00e9 criar uma demanda para que<span class=\"Apple-converted-space\">\u00a0 <\/span>as compras sem cart\u00f5es se popularizem de maneira simples.<\/p>\n<p class=\"p1\">\n<p class=\"p1\">Alguns clientes j\u00e1 testam a ferramenta atualmente e at\u00e9 o fim do primeiro semestre as pulseiras poder\u00e3o ser adquiridas. O valor para comprar e a possibilidade de receber uma de gra\u00e7a depender\u00e3o do perfil dos clientes. Al\u00e9m disso, ainda ser\u00e3o definidos os limites de gastos e o n\u00famero de transa\u00e7\u00f5es que poder\u00e3o ser realizadas.<\/p>\n<p class=\"p1\">\n<p class=\"p1\">Quem tiver a pulseira far\u00e1 o desbloqueio para uso da mesma forma que faz com os cart\u00f5es. &#8220;N\u00e3o esperamos uma migra\u00e7\u00e3o em massa de cart\u00f5es para pulseiras. Mas queremos oferecer essa experi\u00eancia e marcar presen\u00e7a no mercado. Somos os primeiros a oferecer as fun\u00e7\u00f5es d\u00e9bito e cr\u00e9dito. As outras iniciativas eram pr\u00e9-pagas&#8221;, comenta.<\/p>\n","protected":false},"excerpt":{"rendered":"<p>POR ANTONIO TEM\u00d3TEO O Banco do Brasil oferecer\u00e1 aos clientes at\u00e9 o fim do primeiro semestre pulseiras com tecnologia NFC para pagamentos em d\u00e9bito e cr\u00e9dito. Desenvolvido pela Visa, o adere\u00e7o \u00e9 um espelho do cart\u00e3o e ser\u00e1 uma alternativa ao pl\u00e1stico. Bastar\u00e1 o dono aproxim\u00e1-la da maquininha que a compra estar\u00e1 paga. O diretor [&hellip;]<\/p>\n","protected":false},"author":22,"featured_media":0,"comment_status":"open","ping_status":"closed","sticky":false,"template":"","format":"standard","meta":{"footnotes":""},"categories":[600],"tags":[],"class_list":["post-4395","post","type-post","status-publish","format-standard","hentry","category-economia"],"_links":{"self":[{"href":"https:\/\/blogs.correiobraziliense.com.br\/vicente\/wp-json\/wp\/v2\/posts\/4395","targetHints":{"allow":["GET"]}}],"collection":[{"href":"https:\/\/blogs.correiobraziliense.com.br\/vicente\/wp-json\/wp\/v2\/posts"}],"about":[{"href":"https:\/\/blogs.correiobraziliense.com.br\/vicente\/wp-json\/wp\/v2\/types\/post"}],"author":[{"embeddable":true,"href":"https:\/\/blogs.correiobraziliense.com.br\/vicente\/wp-json\/wp\/v2\/users\/22"}],"replies":[{"embeddable":true,"href":"https:\/\/blogs.correiobraziliense.com.br\/vicente\/wp-json\/wp\/v2\/comments?post=4395"}],"version-history":[{"count":1,"href":"https:\/\/blogs.correiobraziliense.com.br\/vicente\/wp-json\/wp\/v2\/posts\/4395\/revisions"}],"predecessor-version":[{"id":4396,"href":"https:\/\/blogs.correiobraziliense.com.br\/vicente\/wp-json\/wp\/v2\/posts\/4395\/revisions\/4396"}],"wp:attachment":[{"href":"https:\/\/blogs.correiobraziliense.com.br\/vicente\/wp-json\/wp\/v2\/media?parent=4395"}],"wp:term":[{"taxonomy":"category","embeddable":true,"href":"https:\/\/blogs.correiobraziliense.com.br\/vicente\/wp-json\/wp\/v2\/categories?post=4395"},{"taxonomy":"post_tag","embeddable":true,"href":"https:\/\/blogs.correiobraziliense.com.br\/vicente\/wp-json\/wp\/v2\/tags?post=4395"}],"curies":[{"name":"wp","href":"https:\/\/api.w.org\/{rel}","templated":true}]}}