{"id":4388,"date":"2017-03-15T11:57:04","date_gmt":"2017-03-15T14:57:04","guid":{"rendered":"https:\/\/blogs.correiobraziliense.com.br\/vicente\/?p=4388"},"modified":"2017-03-15T11:57:04","modified_gmt":"2017-03-15T14:57:04","slug":"pelo-menos-65-dos-tomadores-de-credito-tem-renda-de-ate-5-salarios","status":"publish","type":"post","link":"https:\/\/blogs.correiobraziliense.com.br\/vicente\/pelo-menos-65-dos-tomadores-de-credito-tem-renda-de-ate-5-salarios\/","title":{"rendered":"Pelo menos 65% dos tomadores de cr\u00e9dito tem renda de at\u00e9 5 sal\u00e1rios"},"content":{"rendered":"<p>POR ANTONIO TEM\u00d3TEO<\/p>\n<p>&nbsp;<\/p>\n<p>Dos 160 milh\u00f5es de adultos no pa\u00eds, quase 90% tem algum tipo de relacionamento com as institui\u00e7\u00f5es financeiras. Com isso, cerca de 140 milh\u00f5es de brasileiros possuem pelo menos uma conta poupan\u00e7a ou de dep\u00f3sito.<\/p>\n<p>&nbsp;<\/p>\n<p>Desse grupo que se relaciona com os bancos, 55 milh\u00f5es s\u00e3o tomadores de cr\u00e9dito e 65% deles ganham at\u00e9 cinco sal\u00e1rios m\u00ednimos. Os dados foram apresentados pelo\u00a0diretor de Relacionamento Institucional e Cidadania do Banco Central (BC), Isaac Sidney,\u00a0durante o\u00a011\u00ba\u00a0Congresso de Meios de Eletr\u00f4nicos de Pagamento (Cmep).<\/p>\n<p>&nbsp;<\/p>\n<p>Sidney ressaltou que os consumidores de menor faixa de renda s\u00e3o os maiores tomadores de cr\u00e9dito e s\u00e3o tamb\u00e9m os que t\u00eam o maior comprometimento de renda com os servi\u00e7os de cr\u00e9dito. &#8220;Esse segmento pede aten\u00e7\u00e3o especial sobre os indicadores de endividamento, comprometimento de renda e inadimpl\u00eancia pela estreita rela\u00e7\u00e3o desses indicadores com a estabilidade do sistema financeiro e com a sa\u00fade financeira do cidad\u00e3o&#8221;, comentou.<\/p>\n<p>&nbsp;<\/p>\n<p>Para o diretor do BC, a inclus\u00e3o financeira tem que, necessariamente, vir acompanhada de a\u00e7\u00f5es para educar as pessoas a gerirem suas finan\u00e7as. &#8220;O objetivo \u00e9 auxiliar o cidad\u00e3o na fest\u00e3o de suas financias para que o peso dos compromissos n\u00e3o afete o or\u00e7amento familiar&#8221;, afirmou.<\/p>\n<p class=\"p1\">\n","protected":false},"excerpt":{"rendered":"<p>POR ANTONIO TEM\u00d3TEO &nbsp; Dos 160 milh\u00f5es de adultos no pa\u00eds, quase 90% tem algum tipo de relacionamento com as institui\u00e7\u00f5es financeiras. Com isso, cerca de 140 milh\u00f5es de brasileiros possuem pelo menos uma conta poupan\u00e7a ou de dep\u00f3sito. &nbsp; Desse grupo que se relaciona com os bancos, 55 milh\u00f5es s\u00e3o tomadores de cr\u00e9dito e [&hellip;]<\/p>\n","protected":false},"author":22,"featured_media":0,"comment_status":"open","ping_status":"closed","sticky":false,"template":"","format":"standard","meta":{"footnotes":""},"categories":[600],"tags":[2022,3,106,2025,103,2023,2024],"class_list":["post-4388","post","type-post","status-publish","format-standard","hentry","category-economia","tag-11o-congresso-de-meios-de-eletronicos-de-pagamento-cmep","tag-banco-central","tag-bc","tag-comprometimento-de-renda","tag-credito","tag-diretor-de-relacionamento-institucional-e-cidadania-do-banco-central-bc","tag-isaac-sidney"],"_links":{"self":[{"href":"https:\/\/blogs.correiobraziliense.com.br\/vicente\/wp-json\/wp\/v2\/posts\/4388","targetHints":{"allow":["GET"]}}],"collection":[{"href":"https:\/\/blogs.correiobraziliense.com.br\/vicente\/wp-json\/wp\/v2\/posts"}],"about":[{"href":"https:\/\/blogs.correiobraziliense.com.br\/vicente\/wp-json\/wp\/v2\/types\/post"}],"author":[{"embeddable":true,"href":"https:\/\/blogs.correiobraziliense.com.br\/vicente\/wp-json\/wp\/v2\/users\/22"}],"replies":[{"embeddable":true,"href":"https:\/\/blogs.correiobraziliense.com.br\/vicente\/wp-json\/wp\/v2\/comments?post=4388"}],"version-history":[{"count":1,"href":"https:\/\/blogs.correiobraziliense.com.br\/vicente\/wp-json\/wp\/v2\/posts\/4388\/revisions"}],"predecessor-version":[{"id":4389,"href":"https:\/\/blogs.correiobraziliense.com.br\/vicente\/wp-json\/wp\/v2\/posts\/4388\/revisions\/4389"}],"wp:attachment":[{"href":"https:\/\/blogs.correiobraziliense.com.br\/vicente\/wp-json\/wp\/v2\/media?parent=4388"}],"wp:term":[{"taxonomy":"category","embeddable":true,"href":"https:\/\/blogs.correiobraziliense.com.br\/vicente\/wp-json\/wp\/v2\/categories?post=4388"},{"taxonomy":"post_tag","embeddable":true,"href":"https:\/\/blogs.correiobraziliense.com.br\/vicente\/wp-json\/wp\/v2\/tags?post=4388"}],"curies":[{"name":"wp","href":"https:\/\/api.w.org\/{rel}","templated":true}]}}