{"id":4377,"date":"2017-03-14T18:45:52","date_gmt":"2017-03-14T21:45:52","guid":{"rendered":"https:\/\/blogs.correiobraziliense.com.br\/vicente\/?p=4377"},"modified":"2017-03-14T19:16:21","modified_gmt":"2017-03-14T22:16:21","slug":"inframerica-tambem-desiste-de-participar-de-leilao-de-aeroportos","status":"publish","type":"post","link":"https:\/\/blogs.correiobraziliense.com.br\/vicente\/inframerica-tambem-desiste-de-participar-de-leilao-de-aeroportos\/","title":{"rendered":"Inframerica tamb\u00e9m desiste de participar de leil\u00e3o de aeroportos"},"content":{"rendered":"<h2>O que era para ser a grande largada do programa de concess\u00f5es do governo Michel Temer poder\u00e1 se transformar em um fiasco. Mais um grupo desistiu de participar dos leil\u00f5es dos aeroportos de Fortaleza (CE), Salvador (BA), Florian\u00f3polis (SC) e Porto Alegre (RS) marcados para esta quinta-feira.\u00a0A Corporaci\u00f3n Am\u00e9rica, que controla, por meio da Inframerica, os terminais de Bras\u00edlia e de Natal, pulou fora.<\/h2>\n<p>&nbsp;<\/p>\n<p>Em comunicado liberado hoje, o grupo argentino informa que a decis\u00e3o de ficar de fora dos leil\u00f5es se\u00a0baseia &#8220;em estudos realizados que n\u00e3o evidenciaram retorno condizente com as pol\u00edticas de investimento da empresa&#8221;.\u00a0A Corporaci\u00f3n Am\u00e9rica reitera, por\u00e9m, seu compromisso nos atuais aeroportos que administra, e ressalta seu interesse em continuar investindo no pa\u00eds.<\/p>\n<p>&nbsp;<\/p>\n<p>J\u00e1 haviam desistido da disputa pelos aeroportos a CCR, que administra o terminal de Confins (MG) em parceria com a su\u00ed\u00e7a Zurich e a Infraero, a espanhola OHL e o P\u00e1tria Investimentos. O governo espera arrecadar R$ 3 bilh\u00f5es com as concess\u00f5es. Os vencedores ter\u00e3o que investir R$ 6 bilh\u00f5es nos terminais.<\/p>\n<p>&nbsp;<\/p>\n<p>At\u00e9 agora, s\u00f3 est\u00e3o na briga pelos quatro aeroportos a alem\u00e3 Fraport e a francesa Vinci Airport. Pode ser que cada uma delas d\u00ea lances para mais de um terminal. O governo est\u00e1 em estado de alerta. Precisa que os leil\u00f5es sejam um sucesso para refor\u00e7ar a confian\u00e7a dos investidores, especialmente os estrangeiros, no pa\u00eds.<\/p>\n<p>&nbsp;<\/p>\n<p>O dinheiro das concess\u00f5es ser\u00e1 usado para refor\u00e7ar o caixa do Tesouro Nacional. H\u00e1 o temor de que o governo n\u00e3o consiga cumprir a meta de encerrar o ano com rombo fiscal de, no m\u00e1ximo, R$ 139 bilh\u00f5es. Se as concess\u00f5es fracassarem, o governo ter\u00e1 que aumentar impostos, o que j\u00e1 foi aventado pelo ministro da Fazenda, Henrique Meirelles, ou for\u00e7ar a m\u00e3o no corte de gastos. A decis\u00e3o sobre isso sair\u00e1 em 2 de abril.<\/p>\n<p>&nbsp;<\/p>\n<p><em>Bras\u00edlia, 18h45min<\/em><\/p>\n","protected":false},"excerpt":{"rendered":"<p>O que era para ser a grande largada do programa de concess\u00f5es do governo Michel Temer poder\u00e1 se transformar em um fiasco. Mais um grupo desistiu de participar dos leil\u00f5es dos aeroportos de Fortaleza (CE), Salvador (BA), Florian\u00f3polis (SC) e Porto Alegre (RS) marcados para esta quinta-feira.\u00a0A Corporaci\u00f3n Am\u00e9rica, que controla, por meio da Inframerica, [&hellip;]<\/p>\n","protected":false},"author":22,"featured_media":0,"comment_status":"open","ping_status":"closed","sticky":false,"template":"","format":"standard","meta":{"footnotes":""},"categories":[600],"tags":[455,2015,2019,2017,746,2014,2016,111,2018,745],"class_list":["post-4377","post","type-post","status-publish","format-standard","hentry","category-economia","tag-concessoes","tag-corporacion-america","tag-desistencia","tag-florianopolis","tag-fortaleza","tag-inframerica","tag-leilao-de-aeroportos","tag-michel-temer","tag-porto-alegre","tag-salvador"],"_links":{"self":[{"href":"https:\/\/blogs.correiobraziliense.com.br\/vicente\/wp-json\/wp\/v2\/posts\/4377","targetHints":{"allow":["GET"]}}],"collection":[{"href":"https:\/\/blogs.correiobraziliense.com.br\/vicente\/wp-json\/wp\/v2\/posts"}],"about":[{"href":"https:\/\/blogs.correiobraziliense.com.br\/vicente\/wp-json\/wp\/v2\/types\/post"}],"author":[{"embeddable":true,"href":"https:\/\/blogs.correiobraziliense.com.br\/vicente\/wp-json\/wp\/v2\/users\/22"}],"replies":[{"embeddable":true,"href":"https:\/\/blogs.correiobraziliense.com.br\/vicente\/wp-json\/wp\/v2\/comments?post=4377"}],"version-history":[{"count":1,"href":"https:\/\/blogs.correiobraziliense.com.br\/vicente\/wp-json\/wp\/v2\/posts\/4377\/revisions"}],"predecessor-version":[{"id":4378,"href":"https:\/\/blogs.correiobraziliense.com.br\/vicente\/wp-json\/wp\/v2\/posts\/4377\/revisions\/4378"}],"wp:attachment":[{"href":"https:\/\/blogs.correiobraziliense.com.br\/vicente\/wp-json\/wp\/v2\/media?parent=4377"}],"wp:term":[{"taxonomy":"category","embeddable":true,"href":"https:\/\/blogs.correiobraziliense.com.br\/vicente\/wp-json\/wp\/v2\/categories?post=4377"},{"taxonomy":"post_tag","embeddable":true,"href":"https:\/\/blogs.correiobraziliense.com.br\/vicente\/wp-json\/wp\/v2\/tags?post=4377"}],"curies":[{"name":"wp","href":"https:\/\/api.w.org\/{rel}","templated":true}]}}