{"id":437,"date":"2016-02-02T00:39:14","date_gmt":"2016-02-02T02:39:14","guid":{"rendered":"https:\/\/blogs.correiobraziliense.com.br\/vicente\/?p=437"},"modified":"2016-02-02T13:39:37","modified_gmt":"2016-02-02T15:39:37","slug":"alivio-dos-eua","status":"publish","type":"post","link":"https:\/\/blogs.correiobraziliense.com.br\/vicente\/alivio-dos-eua\/","title":{"rendered":"AL\u00cdVIO DOS EUA"},"content":{"rendered":"<p>\u00bb Se o Federal Reserve (Fed), o BC dos Estados Unidos, n\u00e3o mexer nos juros em mar\u00e7o, o d\u00f3lar pode cair para perto de R$ 3,80, dizem especialistas.<\/p>\n","protected":false},"excerpt":{"rendered":"<p>\u00bb Se o Federal Reserve (Fed), o BC dos Estados Unidos, n\u00e3o mexer nos juros em mar\u00e7o, o d\u00f3lar pode cair para perto de R$ 3,80, dizem especialistas.<\/p>\n","protected":false},"author":22,"featured_media":0,"comment_status":"open","ping_status":"closed","sticky":false,"template":"","format":"standard","meta":{"footnotes":""},"categories":[1],"tags":[],"class_list":["post-437","post","type-post","status-publish","format-standard","hentry","category-sem-categoria"],"_links":{"self":[{"href":"https:\/\/blogs.correiobraziliense.com.br\/vicente\/wp-json\/wp\/v2\/posts\/437","targetHints":{"allow":["GET"]}}],"collection":[{"href":"https:\/\/blogs.correiobraziliense.com.br\/vicente\/wp-json\/wp\/v2\/posts"}],"about":[{"href":"https:\/\/blogs.correiobraziliense.com.br\/vicente\/wp-json\/wp\/v2\/types\/post"}],"author":[{"embeddable":true,"href":"https:\/\/blogs.correiobraziliense.com.br\/vicente\/wp-json\/wp\/v2\/users\/22"}],"replies":[{"embeddable":true,"href":"https:\/\/blogs.correiobraziliense.com.br\/vicente\/wp-json\/wp\/v2\/comments?post=437"}],"version-history":[{"count":1,"href":"https:\/\/blogs.correiobraziliense.com.br\/vicente\/wp-json\/wp\/v2\/posts\/437\/revisions"}],"predecessor-version":[{"id":438,"href":"https:\/\/blogs.correiobraziliense.com.br\/vicente\/wp-json\/wp\/v2\/posts\/437\/revisions\/438"}],"wp:attachment":[{"href":"https:\/\/blogs.correiobraziliense.com.br\/vicente\/wp-json\/wp\/v2\/media?parent=437"}],"wp:term":[{"taxonomy":"category","embeddable":true,"href":"https:\/\/blogs.correiobraziliense.com.br\/vicente\/wp-json\/wp\/v2\/categories?post=437"},{"taxonomy":"post_tag","embeddable":true,"href":"https:\/\/blogs.correiobraziliense.com.br\/vicente\/wp-json\/wp\/v2\/tags?post=437"}],"curies":[{"name":"wp","href":"https:\/\/api.w.org\/{rel}","templated":true}]}}