{"id":4365,"date":"2017-03-13T23:10:34","date_gmt":"2017-03-14T02:10:34","guid":{"rendered":"https:\/\/blogs.correiobraziliense.com.br\/vicente\/?p=4365"},"modified":"2017-03-14T12:58:30","modified_gmt":"2017-03-14T15:58:30","slug":"eduardo-loyo-do-btg-pactual-preve-corte-de-um-ponto-nos-juros","status":"publish","type":"post","link":"https:\/\/blogs.correiobraziliense.com.br\/vicente\/eduardo-loyo-do-btg-pactual-preve-corte-de-um-ponto-nos-juros\/","title":{"rendered":"Eduardo Loyo, do BTG Pactual, prev\u00ea corte de um ponto nos juros"},"content":{"rendered":"<p>Ex-diretor do Banco Central, o economista-chefe do Banco BTG Pactual, revisou suas proje\u00e7\u00f5es e prev\u00ea, agora, corte de um ponto percentual na taxa b\u00e1sica de juros (Selic) em abril, de 12,25% para 11,25% ao ano. Ele diz que apostava em redu\u00e7\u00e3o de 0,75 ponto, em linha com o que o BC havia sinalizado, mas foi obrigado a rever as estimativas para os juros depois da divulga\u00e7\u00e3o, na sexta-feira, do \u00edndice de infla\u00e7\u00e3o de fevereiro, de 0,33%, que ficou bem abaixo das estimativas m\u00e9dias do mercado, de 0,43%.<\/p>\n<p>&nbsp;<\/p>\n<p>Loyo n\u00e3o acredita na possibilidade de o Comit\u00ea de Pol\u00edtica Monet\u00e1ria (Copom)\u00a0ser mais agressivo e reduzir a Selic em mais de um ponto percentual na reuni\u00e3o de abril. No cen\u00e1rio base do ex-diretor do BC, o Copom far\u00e1 dois cortes seguidos de um ponto nos juros em abril e em maio, derrubar\u00e1 a taxa b\u00e1sica em mais 0,75 ponto em julho e encerrar\u00e1 o ciclo de flexibiliza\u00e7\u00e3o monet\u00e1ria em setembro, com corte de 0,5 ponto. Com isso, a Selic encerrar\u00e1 2017 em 9%.<\/p>\n<p>&nbsp;<\/p>\n<p>Na avalia\u00e7\u00e3o de Loyo, segundo relat\u00f3rio enviado a clientes do BTG Pactual, todas as medidas de infla\u00e7\u00e3o usadas pelo BC para definir os rumos da Selic est\u00e3o abaixo do projetado. Al\u00e9m disso, a atividade est\u00e1 mais fraca que o esperado, houve uma valoriza\u00e7\u00e3o do real acima do previsto e o andamento das reformas no Congresso, incluindo a da Previd\u00eancia Social, est\u00e1 em um ritmo mais acelerado que o imaginado. Ou seja, a combina\u00e7\u00e3o desses fatores permite apostar em cortes mais agressivos nos juros.<\/p>\n","protected":false},"excerpt":{"rendered":"<p>Ex-diretor do Banco Central, o economista-chefe do Banco BTG Pactual, revisou suas proje\u00e7\u00f5es e prev\u00ea, agora, corte de um ponto percentual na taxa b\u00e1sica de juros (Selic) em abril, de 12,25% para 11,25% ao ano. Ele diz que apostava em redu\u00e7\u00e3o de 0,75 ponto, em linha com o que o BC havia sinalizado, mas foi [&hellip;]<\/p>\n","protected":false},"author":22,"featured_media":0,"comment_status":"open","ping_status":"closed","sticky":false,"template":"","format":"standard","meta":{"footnotes":""},"categories":[600],"tags":[3,53,2008,2007,14,4],"class_list":["post-4365","post","type-post","status-publish","format-standard","hentry","category-economia","tag-banco-central","tag-btg-pactual","tag-corte-de-um-ponto-percentual-em-abril","tag-eduardo-loyo","tag-inflacao","tag-juros"],"_links":{"self":[{"href":"https:\/\/blogs.correiobraziliense.com.br\/vicente\/wp-json\/wp\/v2\/posts\/4365","targetHints":{"allow":["GET"]}}],"collection":[{"href":"https:\/\/blogs.correiobraziliense.com.br\/vicente\/wp-json\/wp\/v2\/posts"}],"about":[{"href":"https:\/\/blogs.correiobraziliense.com.br\/vicente\/wp-json\/wp\/v2\/types\/post"}],"author":[{"embeddable":true,"href":"https:\/\/blogs.correiobraziliense.com.br\/vicente\/wp-json\/wp\/v2\/users\/22"}],"replies":[{"embeddable":true,"href":"https:\/\/blogs.correiobraziliense.com.br\/vicente\/wp-json\/wp\/v2\/comments?post=4365"}],"version-history":[{"count":3,"href":"https:\/\/blogs.correiobraziliense.com.br\/vicente\/wp-json\/wp\/v2\/posts\/4365\/revisions"}],"predecessor-version":[{"id":4373,"href":"https:\/\/blogs.correiobraziliense.com.br\/vicente\/wp-json\/wp\/v2\/posts\/4365\/revisions\/4373"}],"wp:attachment":[{"href":"https:\/\/blogs.correiobraziliense.com.br\/vicente\/wp-json\/wp\/v2\/media?parent=4365"}],"wp:term":[{"taxonomy":"category","embeddable":true,"href":"https:\/\/blogs.correiobraziliense.com.br\/vicente\/wp-json\/wp\/v2\/categories?post=4365"},{"taxonomy":"post_tag","embeddable":true,"href":"https:\/\/blogs.correiobraziliense.com.br\/vicente\/wp-json\/wp\/v2\/tags?post=4365"}],"curies":[{"name":"wp","href":"https:\/\/api.w.org\/{rel}","templated":true}]}}