{"id":4361,"date":"2017-03-13T21:05:29","date_gmt":"2017-03-14T00:05:29","guid":{"rendered":"https:\/\/blogs.correiobraziliense.com.br\/vicente\/?p=4361"},"modified":"2017-03-13T22:44:36","modified_gmt":"2017-03-14T01:44:36","slug":"pgr-quer-entregar-denuncia-ao-stf-nesta-terca","status":"publish","type":"post","link":"https:\/\/blogs.correiobraziliense.com.br\/vicente\/pgr-quer-entregar-denuncia-ao-stf-nesta-terca\/","title":{"rendered":"PGR quer entregar den\u00fancia ao STF nesta ter\u00e7a"},"content":{"rendered":"<p>A disposi\u00e7\u00e3o \u00e9 grande na Procuradoria-Geral da Rep\u00fablica (PGR). Funcion\u00e1rios do \u00f3rg\u00e3o est\u00e3o trabalhando a todo vapor para que as den\u00fancias referentes \u00e0s dela\u00e7\u00f5es da Odrebrecht sejam encaminhadas ainda nesta ter\u00e7a-feira ao Supremo Tribunal Federal (STF). Pelo menos 80 pol\u00edticos devem ser denunciados. Todos t\u00eam foro privilegiado.<\/p>\n<p>&nbsp;<\/p>\n<p>A expectativa era de que as den\u00fancias chegassem hoje ao Supremo. Mas n\u00e3o houve tempo para a prepara\u00e7\u00e3o do material, muito complexo. Mesmo fazendo uma for\u00e7a-tarefa no fim de semana, os funcion\u00e1rios da PGR n\u00e3o conseguiram finalizar os trabalhos. No que \u00a0depender do procurador-geral, Rodrigo Janot, as den\u00fancias seguir\u00e3o nesta ter\u00e7a ao STF, Caber\u00e1 ao ministro Edson Fachin acatar ou n\u00e3o os pedidos.<\/p>\n<p>&nbsp;<\/p>\n<p>No caso dos pol\u00edticos delatados pela\u00a0Odebrecht\u00a0que n\u00e3o t\u00eam foro privilegiado, os pedidos de abertura de inqu\u00e9rito ser\u00e3o encaminhados \u00e0 Justi\u00e7a de Primeira inst\u00e2ncia. O procurador-geral definiu ainda que informa\u00e7\u00f5es obtidas com ex-dirigentes da construtora que liderou o esquema de corrup\u00e7\u00e3o na Petrobras ser\u00e3o adicionadas a processos j\u00e1 em andamento.<\/p>\n<p>&nbsp;<\/p>\n<p>Ser\u00e1 mantido sigilo de dela\u00e7\u00f5es referentes a neg\u00f3cios comandados pela Odebrecht no exterior. Foi dado prazo at\u00e9 1 de junho para que a empreiteira feche acordos de dela\u00e7\u00e3o nos pa\u00edses em que cometeu irregularidades. A PGR, contudo, tem pressa. Quer que todos os acordos sejam fechados dentro dos prazos.<\/p>\n","protected":false},"excerpt":{"rendered":"<p>A disposi\u00e7\u00e3o \u00e9 grande na Procuradoria-Geral da Rep\u00fablica (PGR). Funcion\u00e1rios do \u00f3rg\u00e3o est\u00e3o trabalhando a todo vapor para que as den\u00fancias referentes \u00e0s dela\u00e7\u00f5es da Odrebrecht sejam encaminhadas ainda nesta ter\u00e7a-feira ao Supremo Tribunal Federal (STF). Pelo menos 80 pol\u00edticos devem ser denunciados. Todos t\u00eam foro privilegiado. &nbsp; A expectativa era de que as den\u00fancias [&hellip;]<\/p>\n","protected":false},"author":22,"featured_media":0,"comment_status":"open","ping_status":"closed","sticky":false,"template":"","format":"standard","meta":{"footnotes":""},"categories":[600],"tags":[],"class_list":["post-4361","post","type-post","status-publish","format-standard","hentry","category-economia"],"_links":{"self":[{"href":"https:\/\/blogs.correiobraziliense.com.br\/vicente\/wp-json\/wp\/v2\/posts\/4361","targetHints":{"allow":["GET"]}}],"collection":[{"href":"https:\/\/blogs.correiobraziliense.com.br\/vicente\/wp-json\/wp\/v2\/posts"}],"about":[{"href":"https:\/\/blogs.correiobraziliense.com.br\/vicente\/wp-json\/wp\/v2\/types\/post"}],"author":[{"embeddable":true,"href":"https:\/\/blogs.correiobraziliense.com.br\/vicente\/wp-json\/wp\/v2\/users\/22"}],"replies":[{"embeddable":true,"href":"https:\/\/blogs.correiobraziliense.com.br\/vicente\/wp-json\/wp\/v2\/comments?post=4361"}],"version-history":[{"count":3,"href":"https:\/\/blogs.correiobraziliense.com.br\/vicente\/wp-json\/wp\/v2\/posts\/4361\/revisions"}],"predecessor-version":[{"id":4364,"href":"https:\/\/blogs.correiobraziliense.com.br\/vicente\/wp-json\/wp\/v2\/posts\/4361\/revisions\/4364"}],"wp:attachment":[{"href":"https:\/\/blogs.correiobraziliense.com.br\/vicente\/wp-json\/wp\/v2\/media?parent=4361"}],"wp:term":[{"taxonomy":"category","embeddable":true,"href":"https:\/\/blogs.correiobraziliense.com.br\/vicente\/wp-json\/wp\/v2\/categories?post=4361"},{"taxonomy":"post_tag","embeddable":true,"href":"https:\/\/blogs.correiobraziliense.com.br\/vicente\/wp-json\/wp\/v2\/tags?post=4361"}],"curies":[{"name":"wp","href":"https:\/\/api.w.org\/{rel}","templated":true}]}}