{"id":4356,"date":"2017-03-13T17:35:36","date_gmt":"2017-03-13T20:35:36","guid":{"rendered":"https:\/\/blogs.correiobraziliense.com.br\/vicente\/?p=4356"},"modified":"2017-03-13T19:16:33","modified_gmt":"2017-03-13T22:16:33","slug":"depois-de-meses-em-queda-cresce-numero-de-beneficiarios-de-planos-de-saude","status":"publish","type":"post","link":"https:\/\/blogs.correiobraziliense.com.br\/vicente\/depois-de-meses-em-queda-cresce-numero-de-beneficiarios-de-planos-de-saude\/","title":{"rendered":"Depois de meses em queda, cresce n\u00famero de benefici\u00e1rios de planos de sa\u00fade"},"content":{"rendered":"<h2>Em meio a tantas not\u00edcias ruins, vale registrar: voltou a crescer o n\u00famero de benefici\u00e1rios de planos de sa\u00fade. Segundo a Ag\u00eancia Nacional de Sa\u00fade Suplementar (ANS), 144 mil pessoas entraram no sistema em fevereiro, a maioria por meio de planos empresariais.<\/h2>\n<p>&nbsp;<\/p>\n<p>Pelos c\u00e1lculos da ANS, o total de benefici\u00e1rios de planos m\u00e9dicos passou de 47,512 milh\u00f5es para 48,957 milh\u00f5es. No caso dos conv\u00eanios empresariais, o saldo passou de 31,462 milh\u00f5es para 32,481 milh\u00f5es. Houve, por\u00e9m, decr\u00e9scimos nos planos odontol\u00f3gicos, de 22,142 milh\u00f5es para 20,867 milh\u00f5es.<\/p>\n<p>&nbsp;<\/p>\n<p>A forte crise econ\u00f4mica e o elevad\u00edssimo n\u00famero de demiss\u00f5es provocaram retra\u00e7\u00e3o do mercado de sa\u00fade complementar durante todo o ano de 2016. A expectativa \u00e9 de que a retomada do crescimento, ainda que gradual, promova uma melhoria no setor.<\/p>\n<p>&nbsp;<\/p>\n<p>Quando os trabalhadores perdem a cobertura de planos de sa\u00fade, s\u00e3o obrigados a recorrerem \u00e0 rede p\u00fablica, que, infelizmente, n\u00e3o est\u00e1 preparada para atender a popula\u00e7\u00e3o. As administradoras de planos, por\u00e9m, precisam prestar servi\u00e7os melhores. Mesmo pagando caro, os consumidores penam para ter acessos a muitos servi\u00e7os.<\/p>\n<p>&nbsp;<\/p>\n<p>O governo acredita que, com a cria\u00e7\u00e3o de planos de sa\u00fade populares, o mercado vai crescer. Mas os \u00f3rg\u00e3os de defesa do consumidor dizem que esses conv\u00eanios t\u00eam tudo para engordar o caixa das operadores sem a garantia de presta\u00e7\u00e3o de servi\u00e7os. Para Maria In\u00eas Dolci, da Pr\u00f3Teste, \u00e9 enorme o risco de os trabalhadores comprarem gato por lebre, ou seja, pagarem e n\u00e3o receberem.<\/p>\n<p>&nbsp;<\/p>\n<p><em>Bras\u00edlia, 17h35min<\/em><\/p>\n","protected":false},"excerpt":{"rendered":"<p>Em meio a tantas not\u00edcias ruins, vale registrar: voltou a crescer o n\u00famero de benefici\u00e1rios de planos de sa\u00fade. Segundo a Ag\u00eancia Nacional de Sa\u00fade Suplementar (ANS), 144 mil pessoas entraram no sistema em fevereiro, a maioria por meio de planos empresariais. &nbsp; Pelos c\u00e1lculos da ANS, o total de benefici\u00e1rios de planos m\u00e9dicos passou [&hellip;]<\/p>\n","protected":false},"author":22,"featured_media":0,"comment_status":"open","ping_status":"closed","sticky":false,"template":"","format":"standard","meta":{"footnotes":""},"categories":[600],"tags":[836,2002,71,215,31],"class_list":["post-4356","post","type-post","status-publish","format-standard","hentry","category-economia","tag-agencia-nacional-de-saude-suplementar","tag-aumento-de-beneficiarios","tag-desemprego","tag-planos-de-saude","tag-recessao"],"_links":{"self":[{"href":"https:\/\/blogs.correiobraziliense.com.br\/vicente\/wp-json\/wp\/v2\/posts\/4356","targetHints":{"allow":["GET"]}}],"collection":[{"href":"https:\/\/blogs.correiobraziliense.com.br\/vicente\/wp-json\/wp\/v2\/posts"}],"about":[{"href":"https:\/\/blogs.correiobraziliense.com.br\/vicente\/wp-json\/wp\/v2\/types\/post"}],"author":[{"embeddable":true,"href":"https:\/\/blogs.correiobraziliense.com.br\/vicente\/wp-json\/wp\/v2\/users\/22"}],"replies":[{"embeddable":true,"href":"https:\/\/blogs.correiobraziliense.com.br\/vicente\/wp-json\/wp\/v2\/comments?post=4356"}],"version-history":[{"count":2,"href":"https:\/\/blogs.correiobraziliense.com.br\/vicente\/wp-json\/wp\/v2\/posts\/4356\/revisions"}],"predecessor-version":[{"id":4358,"href":"https:\/\/blogs.correiobraziliense.com.br\/vicente\/wp-json\/wp\/v2\/posts\/4356\/revisions\/4358"}],"wp:attachment":[{"href":"https:\/\/blogs.correiobraziliense.com.br\/vicente\/wp-json\/wp\/v2\/media?parent=4356"}],"wp:term":[{"taxonomy":"category","embeddable":true,"href":"https:\/\/blogs.correiobraziliense.com.br\/vicente\/wp-json\/wp\/v2\/categories?post=4356"},{"taxonomy":"post_tag","embeddable":true,"href":"https:\/\/blogs.correiobraziliense.com.br\/vicente\/wp-json\/wp\/v2\/tags?post=4356"}],"curies":[{"name":"wp","href":"https:\/\/api.w.org\/{rel}","templated":true}]}}