{"id":4353,"date":"2017-03-13T14:30:21","date_gmt":"2017-03-13T17:30:21","guid":{"rendered":"https:\/\/blogs.correiobraziliense.com.br\/vicente\/?p=4353"},"modified":"2017-03-13T18:53:56","modified_gmt":"2017-03-13T21:53:56","slug":"para-governo-economia-continua-blindada-da-crise-politica","status":"publish","type":"post","link":"https:\/\/blogs.correiobraziliense.com.br\/vicente\/para-governo-economia-continua-blindada-da-crise-politica\/","title":{"rendered":"Para governo, economia continua blindada da crise pol\u00edtica"},"content":{"rendered":"<h2>Integrantes do alto escal\u00e3o do governo est\u00e3o convencidos de que a turbul\u00eancia pol\u00edtica que sacode Bras\u00edlia n\u00e3o contaminou a economia. Muito pelo contr\u00e1rio. Os indicadores que t\u00eam surgido a cada semana t\u00eam mostrado uma melhora lenta, mas gradual, sobretudo no que se refere \u00e0 infla\u00e7\u00e3o.<\/h2>\n<p>&nbsp;<\/p>\n<p>Na avalia\u00e7\u00e3o do Planalto, \u00e9 importante que a economia continue blindada, pois garante um importante trunfo para o presidente Michel Temer enfrentar os roj\u00f5es da pol\u00edtica que est\u00e3o por vir. A perspectiva em rela\u00e7\u00e3o \u00e0 lista de pol\u00edticos que ser\u00e3o denunciados ao Supremo Tribunal Federal (STF) pelo procurador-geral da Rep\u00fablica, Rodrigo Janot, \u00e9 grande, pois pode significar o afastamento de alguns ministros do governo. O pr\u00f3prio Temer disse que, em caso de abertura de inqu\u00e9rito, haver\u00e1 afastamento tempor\u00e1rio. Caso o citado vire r\u00e9u, o desligamento ser\u00e1 definitivo.<\/p>\n<p>&nbsp;<\/p>\n<p>Dois ministros est\u00e3o na linha de tiro: Eliseu Padilha, da casa Civil, e Moreira Franco, da secret\u00e1ria-geral da Presid\u00eancia. S\u00e3o figuras muito importantes dentro da estrutura montada por Temer. Eles s\u00e3o citados em v\u00e1rias dela\u00e7\u00f5es da Odebrecht, cujo sigilo deve ser levantado pelo ministro Edson Fachin, do STF.<\/p>\n<p>&nbsp;<\/p>\n<p>Para o governo, \u00e9 importante ver que, a despeito de todo o quadro pol\u00edtico complicado, as perspectivas para a infla\u00e7\u00e3o s\u00f3 melhoram. O mercado financeiro, segundo pesquisa realizada pelo Banco Central, est\u00e1 prevendo que o \u00cdndice de Pre\u00e7os ao Consumidor Amplo (IPCA) ficar\u00e1 em 4,19%, abaixo, portanto, do centro da meta, de 4,5%.<\/p>\n<p>&nbsp;<\/p>\n<p>Com isso, torce o governo, o Banco Central n\u00e3o se intimidar\u00e1 em acelerar o processo de corte da taxa b\u00e1sica de juros (Selic). A perspectiva \u00e9 de que a taxa b\u00e1sica de juros (Selic) caia pelo menos um ponto percentual em abril, de 12,25% para 11,25% ao ano. Os juros devem encerrar o ano em 9%.<\/p>\n<p>&nbsp;<\/p>\n<p><strong>Fim da recess\u00e3o<\/strong><\/p>\n<p>&nbsp;<\/p>\n<p>Quanto ao crescimento econ\u00f4mico, o Planalto d\u00e1 como certo que o resultado do Produto Interno Bruto (PIB) ser\u00e1 positivo. O resultado, mesmo que m\u00ednimo, marcar\u00e1 o fim da recess\u00e3o. Como diz um importante assessor presidencial, Temer precisa dizer, com n\u00fameros, que a recess\u00e3o ficou para tr\u00e1s.<\/p>\n<p>&nbsp;<\/p>\n<p>\u00c9 importante ressaltar, por\u00e9m, que a retomada do crescimento pode ser abortada se algum turbilh\u00e3o desestabilizar o governo. Os agentes econ\u00f4micos preferem apostar que o presidente da Rep\u00fablica ser\u00e1 preservado e que nem mesmo o processo conduzido pelo Tribunal Superior Eleitoral (TSE) em rela\u00e7\u00e3o \u00e0 chapa Dilma-Temer ser\u00e1 capaz de interromper o mandato do peemedebista.<\/p>\n<p>&nbsp;<\/p>\n<p>&#8220;Estamos trabalhando para que nada prejudique o andamento da economia. \u00c9 important\u00edssimo que os bons ventos continuem soprando nesta seara&#8221;, afirma um ministro muito pr\u00f3ximo a Temer. Ele ressalta que, enquanto todos os pol\u00edticos est\u00e3o tremendo por causa da lista de Janot e das dela\u00e7\u00f5es da Odebrecht, a grande maioria da popula\u00e7\u00e3o s\u00f3 quer saber dos saques de contas inativas do Fundo de Garantia do Tempo de Servi\u00e7o (FGTS). &#8220;Para n\u00f3s, isso \u00e9 muito bom neste momento&#8221;, frisa.<\/p>\n<p>&nbsp;<\/p>\n<p><em>Bras\u00edlia, 14h30min<\/em><\/p>\n","protected":false},"excerpt":{"rendered":"<p>Integrantes do alto escal\u00e3o do governo est\u00e3o convencidos de que a turbul\u00eancia pol\u00edtica que sacode Bras\u00edlia n\u00e3o contaminou a economia. Muito pelo contr\u00e1rio. Os indicadores que t\u00eam surgido a cada semana t\u00eam mostrado uma melhora lenta, mas gradual, sobretudo no que se refere \u00e0 infla\u00e7\u00e3o. &nbsp; Na avalia\u00e7\u00e3o do Planalto, \u00e9 importante que a economia [&hellip;]<\/p>\n","protected":false},"author":22,"featured_media":0,"comment_status":"open","ping_status":"closed","sticky":false,"template":"","format":"standard","meta":{"footnotes":""},"categories":[600],"tags":[3,255,564,14,4,41,111,1427],"class_list":["post-4353","post","type-post","status-publish","format-standard","hentry","category-economia","tag-banco-central","tag-corrupcao","tag-eliseu-padilha","tag-inflacao","tag-juros","tag-lava-jato","tag-michel-temer","tag-moreira-franco"],"_links":{"self":[{"href":"https:\/\/blogs.correiobraziliense.com.br\/vicente\/wp-json\/wp\/v2\/posts\/4353","targetHints":{"allow":["GET"]}}],"collection":[{"href":"https:\/\/blogs.correiobraziliense.com.br\/vicente\/wp-json\/wp\/v2\/posts"}],"about":[{"href":"https:\/\/blogs.correiobraziliense.com.br\/vicente\/wp-json\/wp\/v2\/types\/post"}],"author":[{"embeddable":true,"href":"https:\/\/blogs.correiobraziliense.com.br\/vicente\/wp-json\/wp\/v2\/users\/22"}],"replies":[{"embeddable":true,"href":"https:\/\/blogs.correiobraziliense.com.br\/vicente\/wp-json\/wp\/v2\/comments?post=4353"}],"version-history":[{"count":2,"href":"https:\/\/blogs.correiobraziliense.com.br\/vicente\/wp-json\/wp\/v2\/posts\/4353\/revisions"}],"predecessor-version":[{"id":4355,"href":"https:\/\/blogs.correiobraziliense.com.br\/vicente\/wp-json\/wp\/v2\/posts\/4353\/revisions\/4355"}],"wp:attachment":[{"href":"https:\/\/blogs.correiobraziliense.com.br\/vicente\/wp-json\/wp\/v2\/media?parent=4353"}],"wp:term":[{"taxonomy":"category","embeddable":true,"href":"https:\/\/blogs.correiobraziliense.com.br\/vicente\/wp-json\/wp\/v2\/categories?post=4353"},{"taxonomy":"post_tag","embeddable":true,"href":"https:\/\/blogs.correiobraziliense.com.br\/vicente\/wp-json\/wp\/v2\/tags?post=4353"}],"curies":[{"name":"wp","href":"https:\/\/api.w.org\/{rel}","templated":true}]}}