{"id":4343,"date":"2017-03-10T17:10:48","date_gmt":"2017-03-10T20:10:48","guid":{"rendered":"https:\/\/blogs.correiobraziliense.com.br\/vicente\/?p=4343"},"modified":"2017-03-10T18:04:14","modified_gmt":"2017-03-10T21:04:14","slug":"tire-todas-as-duvidas-sobre-imposto-de-renda-no-economia-no-sofa","status":"publish","type":"post","link":"https:\/\/blogs.correiobraziliense.com.br\/vicente\/tire-todas-as-duvidas-sobre-imposto-de-renda-no-economia-no-sofa\/","title":{"rendered":"Tire todas as d\u00favidas sobre Imposto de Renda no Economia no Sof\u00e1"},"content":{"rendered":"<p>O <em>Economia no Sof\u00e1<\/em> est\u00e1 no ar. No programa desta semana voc\u00ea pode tirar todas as suas d\u00favidas sobre a declara\u00e7\u00e3o do Imposto de Renda, que come\u00e7ou em 2 de mar\u00e7o e vai at\u00e9 28 de abril.<\/p>\n<p>&nbsp;<\/p>\n<p>Para ajudar na declara\u00e7\u00e3o, o programa convidou a tributarista Sandra Batista, do Conselho Federal de Contabilidade (CFC), e a rep\u00f3rter Marlla Sabino, do <strong>Correio Braziliense<\/strong>.<\/p>\n<p>&nbsp;<\/p>\n<p><a href=\"https:\/\/www.youtube.com\/watch?v=LIBJMPeLY58\">https:\/\/www.youtube.com\/watch?v=LIBJMPeLY58<\/a><\/p>\n<p>&nbsp;<\/p>\n<p>Lembre-se que todas as d\u00favidas sobre o Imposto de Renda podem ser tiradas por meio do <strong>Correio<\/strong> em parceria com o CFC. Basta enviar e-mail para economia.df@dabr.com.br.<\/p>\n<p>&nbsp;<\/p>\n<p>Bom programa.<\/p>\n<p>&nbsp;<\/p>\n<p><em>Bras\u00edlia, 17h10min<\/em><\/p>\n","protected":false},"excerpt":{"rendered":"<p>O Economia no Sof\u00e1 est\u00e1 no ar. No programa desta semana voc\u00ea pode tirar todas as suas d\u00favidas sobre a declara\u00e7\u00e3o do Imposto de Renda, que come\u00e7ou em 2 de mar\u00e7o e vai at\u00e9 28 de abril. &nbsp; Para ajudar na declara\u00e7\u00e3o, o programa convidou a tributarista Sandra Batista, do Conselho Federal de Contabilidade (CFC), [&hellip;]<\/p>\n","protected":false},"author":22,"featured_media":0,"comment_status":"open","ping_status":"closed","sticky":false,"template":"","format":"standard","meta":{"footnotes":""},"categories":[600],"tags":[1997,1998,959,808,1996],"class_list":["post-4343","post","type-post","status-publish","format-standard","hentry","category-economia","tag-conselho-federal-de-contabilidade","tag-duvidas","tag-economia-no-sofa","tag-imposto-de-renda","tag-sandra-batista"],"_links":{"self":[{"href":"https:\/\/blogs.correiobraziliense.com.br\/vicente\/wp-json\/wp\/v2\/posts\/4343","targetHints":{"allow":["GET"]}}],"collection":[{"href":"https:\/\/blogs.correiobraziliense.com.br\/vicente\/wp-json\/wp\/v2\/posts"}],"about":[{"href":"https:\/\/blogs.correiobraziliense.com.br\/vicente\/wp-json\/wp\/v2\/types\/post"}],"author":[{"embeddable":true,"href":"https:\/\/blogs.correiobraziliense.com.br\/vicente\/wp-json\/wp\/v2\/users\/22"}],"replies":[{"embeddable":true,"href":"https:\/\/blogs.correiobraziliense.com.br\/vicente\/wp-json\/wp\/v2\/comments?post=4343"}],"version-history":[{"count":1,"href":"https:\/\/blogs.correiobraziliense.com.br\/vicente\/wp-json\/wp\/v2\/posts\/4343\/revisions"}],"predecessor-version":[{"id":4345,"href":"https:\/\/blogs.correiobraziliense.com.br\/vicente\/wp-json\/wp\/v2\/posts\/4343\/revisions\/4345"}],"wp:attachment":[{"href":"https:\/\/blogs.correiobraziliense.com.br\/vicente\/wp-json\/wp\/v2\/media?parent=4343"}],"wp:term":[{"taxonomy":"category","embeddable":true,"href":"https:\/\/blogs.correiobraziliense.com.br\/vicente\/wp-json\/wp\/v2\/categories?post=4343"},{"taxonomy":"post_tag","embeddable":true,"href":"https:\/\/blogs.correiobraziliense.com.br\/vicente\/wp-json\/wp\/v2\/tags?post=4343"}],"curies":[{"name":"wp","href":"https:\/\/api.w.org\/{rel}","templated":true}]}}