{"id":4341,"date":"2017-03-10T14:58:17","date_gmt":"2017-03-10T17:58:17","guid":{"rendered":"https:\/\/blogs.correiobraziliense.com.br\/vicente\/?p=4341"},"modified":"2017-03-10T16:09:06","modified_gmt":"2017-03-10T19:09:06","slug":"para-bank-of-america-inflacao-ficara-abaixo-da-meta-em-marco","status":"publish","type":"post","link":"https:\/\/blogs.correiobraziliense.com.br\/vicente\/para-bank-of-america-inflacao-ficara-abaixo-da-meta-em-marco\/","title":{"rendered":"Para Bank of America, infla\u00e7\u00e3o ficar\u00e1 abaixo da meta em mar\u00e7o"},"content":{"rendered":"<h2>O Bank of America Merrill Lynch acredita que a infla\u00e7\u00e3o ficar\u00e1 abaixo do centro da meta, de 4,5%, em mar\u00e7o no acumulado de 12 meses. A estimativa do banc\u00e3o norte-americano \u00e9 de que o \u00cdndice de Pre\u00e7os ao Consumidor Amplo (IPCA) fique em 4,4%. Ser\u00e1 a primeira vez, desde agosto de 2010, que isso acontecer\u00e1.<\/h2>\n<p>&nbsp;<\/p>\n<p>Segundo os economistas do Bank of America, h\u00e1 sete meses consecutivos a infla\u00e7\u00e3o vem surpreendendo para baixo. Ou seja, o IPCA tem ficado sistematicamente abaixo das previs\u00f5es do mercado. Na m\u00e9dia, os analistas esperavam infla\u00e7\u00e3o de 0,44%. O banco norte-americano,de \u00a00,45%.<\/p>\n<p>&nbsp;<\/p>\n<p>Diante da forte desacelera\u00e7\u00e3o da infla\u00e7\u00e3o, o Bank of America aposta que o Banco Central acelerar\u00e1 o passo e cortar\u00e1 os juros em um ponto percentual, com a taxa b\u00e1sica (Selic) caindo de 12,25% para 11,25% ao ano.<\/p>\n<p>&nbsp;<\/p>\n<p>Pelas an\u00e1lises da institui\u00e7\u00e3o norte-americana, a queda da infla\u00e7\u00e3o \u00e9 generalizada. O \u00edndice de difus\u00e3o, que mede a quantidade de servi\u00e7os e produtos pesquisados pelo Instituto Brasileiro de Geografia e Estat\u00edstica (IBGE) recuou, da pr\u00e9via para o IPCA final, de 63,3% para 50,9%. \u00c9 um indicador muito confort\u00e1vel para o BC.<\/p>\n<p>&nbsp;<\/p>\n<p>N\u00e3o \u00e9 s\u00f3. Com a recess\u00e3o mais severa vivida pelo Brasil em quase 100 anos, a infla\u00e7\u00e3o de servi\u00e7os, usada como refer\u00eancia pelo Banco Central, cedeu de 5,77%, em janeiro, para 5,46%, em fevereiro. As fam\u00edlias sofrem com a brutal queda de renda e com o elevado n\u00edvel de endividamento.<\/p>\n<p>&nbsp;<\/p>\n<p>Outra institui\u00e7\u00e3o, o Ita\u00fa Unibanco, acredita que, mesmo com a forte queda da infla\u00e7\u00e3o, o BC manter\u00e1 o ritmo de queda de juros inalterado nas pr\u00f3ximas quatro reuni\u00f5es do Comit\u00ea de Pol\u00edtica Monet\u00e1ria (Copom). O ciclo de flexibiliza\u00e7\u00e3o se encerrar\u00e1 com mais duas redu\u00e7\u00f5es de 0,5 ponto cada.<\/p>\n<p>&nbsp;<\/p>\n<p>Caso essa proje\u00e7\u00e3o se confirme, a Selic encerrar\u00e1 2017 em 8,25%. A previs\u00e3o anterior era de 9,25% ao ano. O Ita\u00fa, que prev\u00ea IPCA de 4,1% neste ano, acredita que o BC antecipar\u00e1 o processo de corte dos juros que se entenderia por 2018.<\/p>\n<p>&nbsp;<\/p>\n<p><em>Bras\u00edlia, 14h58min<\/em><\/p>\n","protected":false},"excerpt":{"rendered":"<p>O Bank of America Merrill Lynch acredita que a infla\u00e7\u00e3o ficar\u00e1 abaixo do centro da meta, de 4,5%, em mar\u00e7o no acumulado de 12 meses. A estimativa do banc\u00e3o norte-americano \u00e9 de que o \u00cdndice de Pre\u00e7os ao Consumidor Amplo (IPCA) fique em 4,4%. Ser\u00e1 a primeira vez, desde agosto de 2010, que isso acontecer\u00e1. [&hellip;]<\/p>\n","protected":false},"author":22,"featured_media":0,"comment_status":"open","ping_status":"closed","sticky":false,"template":"","format":"standard","meta":{"footnotes":""},"categories":[600],"tags":[3,1994,14,1995,1212,4,1993],"class_list":["post-4341","post","type-post","status-publish","format-standard","hentry","category-economia","tag-banco-central","tag-bank-of-america-merrill-lynch","tag-inflacao","tag-ipca-de-fevereiro","tag-itau-unibanco","tag-juros","tag-queda-da-taxa-basica-de-juros"],"_links":{"self":[{"href":"https:\/\/blogs.correiobraziliense.com.br\/vicente\/wp-json\/wp\/v2\/posts\/4341","targetHints":{"allow":["GET"]}}],"collection":[{"href":"https:\/\/blogs.correiobraziliense.com.br\/vicente\/wp-json\/wp\/v2\/posts"}],"about":[{"href":"https:\/\/blogs.correiobraziliense.com.br\/vicente\/wp-json\/wp\/v2\/types\/post"}],"author":[{"embeddable":true,"href":"https:\/\/blogs.correiobraziliense.com.br\/vicente\/wp-json\/wp\/v2\/users\/22"}],"replies":[{"embeddable":true,"href":"https:\/\/blogs.correiobraziliense.com.br\/vicente\/wp-json\/wp\/v2\/comments?post=4341"}],"version-history":[{"count":1,"href":"https:\/\/blogs.correiobraziliense.com.br\/vicente\/wp-json\/wp\/v2\/posts\/4341\/revisions"}],"predecessor-version":[{"id":4342,"href":"https:\/\/blogs.correiobraziliense.com.br\/vicente\/wp-json\/wp\/v2\/posts\/4341\/revisions\/4342"}],"wp:attachment":[{"href":"https:\/\/blogs.correiobraziliense.com.br\/vicente\/wp-json\/wp\/v2\/media?parent=4341"}],"wp:term":[{"taxonomy":"category","embeddable":true,"href":"https:\/\/blogs.correiobraziliense.com.br\/vicente\/wp-json\/wp\/v2\/categories?post=4341"},{"taxonomy":"post_tag","embeddable":true,"href":"https:\/\/blogs.correiobraziliense.com.br\/vicente\/wp-json\/wp\/v2\/tags?post=4341"}],"curies":[{"name":"wp","href":"https:\/\/api.w.org\/{rel}","templated":true}]}}