{"id":4331,"date":"2017-03-09T10:12:41","date_gmt":"2017-03-09T13:12:41","guid":{"rendered":"https:\/\/blogs.correiobraziliense.com.br\/vicente\/?p=4331"},"modified":"2017-03-09T10:12:41","modified_gmt":"2017-03-09T13:12:41","slug":"80-dos-servidores-do-itamaraty-ja-testemunharam-assedio-moral","status":"publish","type":"post","link":"https:\/\/blogs.correiobraziliense.com.br\/vicente\/80-dos-servidores-do-itamaraty-ja-testemunharam-assedio-moral\/","title":{"rendered":"80% dos servidores do Itamaraty j\u00e1 testemunharam ass\u00e9dio moral"},"content":{"rendered":"<h2>O Sindicato dos Servidores do Itamaraty (Sinditamaraty) divulga hoje uma pesquisa mostrando como est\u00e1 a percep\u00e7\u00e3o dos servidores da casa sobre o ambiente de trabalho. O resultado \u00e9 alarmante.<\/h2>\n<p>&nbsp;<\/p>\n<p>A pesquisa mostra que 80,3 % dos servidores dizem ter testemunhado ass\u00e9dio moral nos \u00faltimos cinco anos no Minist\u00e9rio das Rela\u00e7\u00f5es Exteriores. Nos \u00faltimos seis meses, quando a pasta esteve sob o comando do tucano Jos\u00e9 Serra,\u00a054,1 % testemunharam ass\u00e9dio moral.<\/p>\n<p>&nbsp;<\/p>\n<p>O levantamento diz ainda que 34,9% dizem ter sido v\u00edtima ass\u00e9dio moral nos \u00faltimos seis meses e 66,1%, nos \u00faltimos cinco anos. Entre os servidores do Itamaraty, a situa\u00e7\u00e3o funcional (cargo que ocupam) \u00e9 apontada como motivo para ass\u00e9dio mais relevante do que sexo, ra\u00e7a ou orienta\u00e7\u00e3o sexual.<\/p>\n<p>&nbsp;<\/p>\n<p>Veja o que os servidores apontam como riscos psicossociais:<\/p>\n<p>&nbsp;<\/p>\n<p>\u2022 Indefini\u00e7\u00e3o de cargos e tarefas entre assistente de chancelaria, oficial de chancelaria e diplomatas<br \/>\n\u2022 Pessoalidade na gest\u00e3o de pessoas e regras, cuja a gest\u00e3o \u00e9 exercida por diplomatas<br \/>\n\u2022 Estilo gerencialista percebido por todos<br \/>\n\u2022 Dist\u00e2ncia entre chefia e subordinados<br \/>\n\u2022 Cis\u00e3o entre as carreiras<br \/>\n\u2022 (Des) Organiza\u00e7\u00e3o do Trabalho como campo f\u00e9rtil para o ass\u00e9dio moral<br \/>\n\u2022 Falta de perspectiva de crescimento na organiza\u00e7\u00e3o.<\/p>\n<p>&nbsp;<\/p>\n<p><em>Bras\u00edlia, 09h50min<\/em><\/p>\n","protected":false},"excerpt":{"rendered":"<p>O Sindicato dos Servidores do Itamaraty (Sinditamaraty) divulga hoje uma pesquisa mostrando como est\u00e1 a percep\u00e7\u00e3o dos servidores da casa sobre o ambiente de trabalho. O resultado \u00e9 alarmante. &nbsp; A pesquisa mostra que 80,3 % dos servidores dizem ter testemunhado ass\u00e9dio moral nos \u00faltimos cinco anos no Minist\u00e9rio das Rela\u00e7\u00f5es Exteriores. Nos \u00faltimos seis [&hellip;]<\/p>\n","protected":false},"author":22,"featured_media":0,"comment_status":"open","ping_status":"closed","sticky":false,"template":"","format":"standard","meta":{"footnotes":""},"categories":[600],"tags":[1987,1988,329,465,840],"class_list":["post-4331","post","type-post","status-publish","format-standard","hentry","category-economia","tag-assedio-moral","tag-indefinicao-sobre-cargos","tag-itamaraty","tag-pesquisa","tag-sinditamaraty"],"_links":{"self":[{"href":"https:\/\/blogs.correiobraziliense.com.br\/vicente\/wp-json\/wp\/v2\/posts\/4331","targetHints":{"allow":["GET"]}}],"collection":[{"href":"https:\/\/blogs.correiobraziliense.com.br\/vicente\/wp-json\/wp\/v2\/posts"}],"about":[{"href":"https:\/\/blogs.correiobraziliense.com.br\/vicente\/wp-json\/wp\/v2\/types\/post"}],"author":[{"embeddable":true,"href":"https:\/\/blogs.correiobraziliense.com.br\/vicente\/wp-json\/wp\/v2\/users\/22"}],"replies":[{"embeddable":true,"href":"https:\/\/blogs.correiobraziliense.com.br\/vicente\/wp-json\/wp\/v2\/comments?post=4331"}],"version-history":[{"count":1,"href":"https:\/\/blogs.correiobraziliense.com.br\/vicente\/wp-json\/wp\/v2\/posts\/4331\/revisions"}],"predecessor-version":[{"id":4332,"href":"https:\/\/blogs.correiobraziliense.com.br\/vicente\/wp-json\/wp\/v2\/posts\/4331\/revisions\/4332"}],"wp:attachment":[{"href":"https:\/\/blogs.correiobraziliense.com.br\/vicente\/wp-json\/wp\/v2\/media?parent=4331"}],"wp:term":[{"taxonomy":"category","embeddable":true,"href":"https:\/\/blogs.correiobraziliense.com.br\/vicente\/wp-json\/wp\/v2\/categories?post=4331"},{"taxonomy":"post_tag","embeddable":true,"href":"https:\/\/blogs.correiobraziliense.com.br\/vicente\/wp-json\/wp\/v2\/tags?post=4331"}],"curies":[{"name":"wp","href":"https:\/\/api.w.org\/{rel}","templated":true}]}}