{"id":4329,"date":"2017-03-09T06:30:33","date_gmt":"2017-03-09T09:30:33","guid":{"rendered":"https:\/\/blogs.correiobraziliense.com.br\/vicente\/?p=4329"},"modified":"2017-03-09T09:56:19","modified_gmt":"2017-03-09T12:56:19","slug":"agora-o-foco-e-o-banco-central","status":"publish","type":"post","link":"https:\/\/blogs.correiobraziliense.com.br\/vicente\/agora-o-foco-e-o-banco-central\/","title":{"rendered":"Agora, o foco \u00e9 o Banco Central"},"content":{"rendered":"<h2>Um grupo de influentes empres\u00e1rios j\u00e1 se movimenta para levar ao presidente Michel Temer um pleito nada agrad\u00e1vel: que o Pal\u00e1cio do Planalto sensibilize o Banco Central a acelerar o processo de corte da taxa b\u00e1sica de juros (Selic), de 12,25% ao ano. A forte queda de 3,6% do Produto Interno Bruto (PIB) em 2016 e os sinais muito t\u00edmidos de recupera\u00e7\u00e3o da economia \u2014 a produ\u00e7\u00e3o industrial cresceu 1,4% em janeiro ante o mesmo m\u00eas do ano passado, o primeiro resultado positivo em quase tr\u00eas anos \u2014 indicam, no entender do empresariado, que a pol\u00edtica monet\u00e1ria precisa ser mais efetiva para impulsionar a atividade. Ou seja, a Selic tem de cair pelo menos 1 ponto percentual na reuni\u00e3o de abril do Comit\u00ea de Pol\u00edtica Monet\u00e1ria (Copom).<\/h2>\n<p>&nbsp;<\/p>\n<p>Na avalia\u00e7\u00e3o dos empres\u00e1rios, n\u00e3o faz mais sentido o conservadorismo do BC na condu\u00e7\u00e3o dos juros. Isso foi compreens\u00edvel em outubro e em novembro do ano passado, quando a taxa b\u00e1sica caiu 0,25 ponto em cada uma das reuni\u00f5es do Copom. Naquele momento, ainda havia muitas d\u00favidas sobre a velocidade da queda da infla\u00e7\u00e3o, que surpreendeu o presidente da autoridade monet\u00e1ria, Ilan Goldfajn. Agora, por\u00e9m, com a economia no limbo, se debatendo para recuperar as for\u00e7as, e o \u00cdndice de Pre\u00e7os ao Consumidor Amplo (IPCA) caminhando para um n\u00edvel abaixo do centro da meta, de 4,5%, n\u00e3o h\u00e1 porque manter os p\u00e9s no freio. Uma redu\u00e7\u00e3o de 0,75 ponto j\u00e1 n\u00e3o ser\u00e1 suficiente para dar um g\u00e1s na atividade.<\/p>\n<p>&nbsp;<\/p>\n<p>Os empres\u00e1rios ressaltam que o pleito que ser\u00e1 feito a Temer n\u00e3o deve ser entendido como press\u00e3o sobre o BC. Dizem que reconhecem a autonomia da institui\u00e7\u00e3o, mas alegam que devem colocar tal posi\u00e7\u00e3o ao presidente da Rep\u00fablica, que precisa liderar o processo de recupera\u00e7\u00e3o da economia. N\u00e3o se pode esquecer que Temer assumiu o comando do pa\u00eds em maio do ano passado em meio a uma grande expectativa de virada no ritmo da atividade. Na verdade, o que se viu foi o aprofundamento da recess\u00e3o, independentemente do acerto das medidas adotadas e da confian\u00e7a restabelecida pela equipe econ\u00f4mica liderada pelo ministro da Fazenda, Henrique Meirelles.<\/p>\n<p>&nbsp;<\/p>\n<p>\u201cOs juros precisam cair mais r\u00e1pido. Quanto mais o BC demorar para levar a Selic para um d\u00edgito, maior ser\u00e1 o custo para o pa\u00eds. Juros altos travam os investimentos e o consumo das fam\u00edlias, duas das principais alavancas do PIB\u201d, afirma o presidente de uma das maiores empresas brasileiras. Historicamente, a pol\u00edtica monet\u00e1ria leva de seis a nove meses para surtir efeito. \u201cPortanto, quanto mais r\u00e1pido for o corte dos juros, mais rapidamente veremos os investimentos produtivos voltando e o consumo se aquecendo. N\u00e3o h\u00e1 o que o BC temer. A recess\u00e3o fez o jogo sujo de derrubar a infla\u00e7\u00e3o para baixo do centro da meta. Levar\u00e1 tempo para que a demanda exija uma pol\u00edtica de juros mais restritiva\u201d, complementa.<\/p>\n<p>&nbsp;<\/p>\n<p><strong>Pedras na Geny<\/strong><\/p>\n<p>&nbsp;<\/p>\n<p>Para Manuel Enriquez Garc\u00eda, presidente do Conselho Federal de Economia, os empres\u00e1rios t\u00eam todo o direito de pleitearem juros mais baixos, mas n\u00e3o h\u00e1 como o BC agir de forma precipitada e irrespons\u00e1vel. O risco de se repetir os erros da gest\u00e3o anterior \u00e9 grande. No entender dele, a press\u00e3o do governo e do empresariado n\u00e3o deve ser sobre a autoridade monet\u00e1ria, mas sobre os bancos, que, mesmo com a Selic caindo desde outubro do ano passado, aumentaram as taxas cobradas de empresas e de consumidores. \u201cO cr\u00e9dito precisa ficar mais barato. Nos n\u00edveis atuais de juros, com o setor produtivo e as fam\u00edlias altamente endividadas e inadimplentes, ningu\u00e9m quer saber de tomar empr\u00e9stimos\u201d, diz.<\/p>\n<p>&nbsp;<\/p>\n<p>Garc\u00eda assinala que h\u00e1 muita incerteza quanto \u00e0 retomada da atividade produtiva. E as d\u00favidas n\u00e3o se restringem ao campo econ\u00f4mico. \u201cFalta informa\u00e7\u00e3o sobre o que acontecer\u00e1 no Tribunal Superior Eleitoral (TSE) em rela\u00e7\u00e3o \u00e0 chapa que elegeu Dilma Rousseff e Michel Temer. N\u00e3o se sabe como ser\u00e1 o andamento das reformas no Congresso\u201d, afirma. S\u00e3o muitas as perguntas: Temer terminar\u00e1 o mandato? As dela\u00e7\u00f5es da Odebrecht v\u00e3o minar o governo a ponto de destruir a unidade da base aliada no Congresso? As reformas da Previd\u00eancia e trabalhistas sair\u00e3o do jeito que \u00e9 necess\u00e1rio para estancar o rombo fiscal e estimular a cria\u00e7\u00e3o de empregos?<\/p>\n<p>&nbsp;<\/p>\n<p>Na opini\u00e3o de Tony Volpon, ex-diretor de Assuntos Internacionais do BC, d\u00favidas \u00e0 parte, todas as janelas est\u00e3o abertas para a autoridade monet\u00e1ria cortar os juros em um ponto percentual. \u201cNa verdade, j\u00e1 na \u00faltima reuni\u00e3o do Copom, a Selic deveria ter ca\u00eddo mais do que 0,75 ponto\u201d, destaca. Ele ressalta que o governo precisa ser mais pr\u00f3-ativo para tirar a economia do atoleiro e n\u00e3o ficar culpando a administra\u00e7\u00e3o anterior por todos os problemas que o pa\u00eds enfrenta. \u201cN\u00e3o h\u00e1 mais espa\u00e7o para ficar batendo na Geny. \u00c9 preciso agir\u201d, complementa.<\/p>\n<p>&nbsp;<\/p>\n<p><em>Bras\u00edlia, 06h30min<\/em><\/p>\n","protected":false},"excerpt":{"rendered":"<p>Um grupo de influentes empres\u00e1rios j\u00e1 se movimenta para levar ao presidente Michel Temer um pleito nada agrad\u00e1vel: que o Pal\u00e1cio do Planalto sensibilize o Banco Central a acelerar o processo de corte da taxa b\u00e1sica de juros (Selic), de 12,25% ao ano. A forte queda de 3,6% do Produto Interno Bruto (PIB) em 2016 [&hellip;]<\/p>\n","protected":false},"author":22,"featured_media":0,"comment_status":"open","ping_status":"closed","sticky":false,"template":"","format":"standard","meta":{"footnotes":""},"categories":[600],"tags":[3,1986,4,1070,1985,1304,568],"class_list":["post-4329","post","type-post","status-publish","format-standard","hentry","category-economia","tag-banco-central","tag-corte-dos-juros","tag-juros","tag-manuel-enriquez-garcia","tag-pressao-dos-empresarios","tag-taxa-basica","tag-tony-volpon"],"_links":{"self":[{"href":"https:\/\/blogs.correiobraziliense.com.br\/vicente\/wp-json\/wp\/v2\/posts\/4329","targetHints":{"allow":["GET"]}}],"collection":[{"href":"https:\/\/blogs.correiobraziliense.com.br\/vicente\/wp-json\/wp\/v2\/posts"}],"about":[{"href":"https:\/\/blogs.correiobraziliense.com.br\/vicente\/wp-json\/wp\/v2\/types\/post"}],"author":[{"embeddable":true,"href":"https:\/\/blogs.correiobraziliense.com.br\/vicente\/wp-json\/wp\/v2\/users\/22"}],"replies":[{"embeddable":true,"href":"https:\/\/blogs.correiobraziliense.com.br\/vicente\/wp-json\/wp\/v2\/comments?post=4329"}],"version-history":[{"count":1,"href":"https:\/\/blogs.correiobraziliense.com.br\/vicente\/wp-json\/wp\/v2\/posts\/4329\/revisions"}],"predecessor-version":[{"id":4330,"href":"https:\/\/blogs.correiobraziliense.com.br\/vicente\/wp-json\/wp\/v2\/posts\/4329\/revisions\/4330"}],"wp:attachment":[{"href":"https:\/\/blogs.correiobraziliense.com.br\/vicente\/wp-json\/wp\/v2\/media?parent=4329"}],"wp:term":[{"taxonomy":"category","embeddable":true,"href":"https:\/\/blogs.correiobraziliense.com.br\/vicente\/wp-json\/wp\/v2\/categories?post=4329"},{"taxonomy":"post_tag","embeddable":true,"href":"https:\/\/blogs.correiobraziliense.com.br\/vicente\/wp-json\/wp\/v2\/tags?post=4329"}],"curies":[{"name":"wp","href":"https:\/\/api.w.org\/{rel}","templated":true}]}}