{"id":4327,"date":"2017-03-08T19:50:02","date_gmt":"2017-03-08T22:50:02","guid":{"rendered":"https:\/\/blogs.correiobraziliense.com.br\/vicente\/?p=4327"},"modified":"2017-03-08T20:18:13","modified_gmt":"2017-03-08T23:18:13","slug":"satisfacao-na-estacio","status":"publish","type":"post","link":"https:\/\/blogs.correiobraziliense.com.br\/vicente\/satisfacao-na-estacio\/","title":{"rendered":"Satisfa\u00e7\u00e3o na Est\u00e1cio"},"content":{"rendered":"<h2>Processos de fus\u00e3o de empresas s\u00e3o sempre traum\u00e1ticos. Normalmente, despertam sentimentos como ansiedade e medo entre profissionais das companhias envolvidas nesses processos.<\/h2>\n<p>&nbsp;<\/p>\n<p>No caso da Universidade Est\u00e1cio de S\u00e1, que se fundiu ao grupo Kroton, o clima \u00e9 outro. Segundo pesquisa realizada pela companhia, 74% dos colaboradores est\u00e3o muito satisfeitos em trabalhar na institui\u00e7\u00e3o. Esse foi o segundo melhor resultado da hist\u00f3ria da Est\u00e1cio, atr\u00e1s apenas dos 75% observados em 2014.<\/p>\n","protected":false},"excerpt":{"rendered":"<p>Processos de fus\u00e3o de empresas s\u00e3o sempre traum\u00e1ticos. Normalmente, despertam sentimentos como ansiedade e medo entre profissionais das companhias envolvidas nesses processos. &nbsp; No caso da Universidade Est\u00e1cio de S\u00e1, que se fundiu ao grupo Kroton, o clima \u00e9 outro. Segundo pesquisa realizada pela companhia, 74% dos colaboradores est\u00e3o muito satisfeitos em trabalhar na institui\u00e7\u00e3o. [&hellip;]<\/p>\n","protected":false},"author":22,"featured_media":0,"comment_status":"open","ping_status":"closed","sticky":false,"template":"","format":"standard","meta":{"footnotes":""},"categories":[600],"tags":[1984,1983,1982],"class_list":["post-4327","post","type-post","status-publish","format-standard","hentry","category-economia","tag-clima-de-satisfacao-entre-os-empregados","tag-fusao-com-a-kroton","tag-universidade-estacio-de-sa"],"_links":{"self":[{"href":"https:\/\/blogs.correiobraziliense.com.br\/vicente\/wp-json\/wp\/v2\/posts\/4327","targetHints":{"allow":["GET"]}}],"collection":[{"href":"https:\/\/blogs.correiobraziliense.com.br\/vicente\/wp-json\/wp\/v2\/posts"}],"about":[{"href":"https:\/\/blogs.correiobraziliense.com.br\/vicente\/wp-json\/wp\/v2\/types\/post"}],"author":[{"embeddable":true,"href":"https:\/\/blogs.correiobraziliense.com.br\/vicente\/wp-json\/wp\/v2\/users\/22"}],"replies":[{"embeddable":true,"href":"https:\/\/blogs.correiobraziliense.com.br\/vicente\/wp-json\/wp\/v2\/comments?post=4327"}],"version-history":[{"count":1,"href":"https:\/\/blogs.correiobraziliense.com.br\/vicente\/wp-json\/wp\/v2\/posts\/4327\/revisions"}],"predecessor-version":[{"id":4328,"href":"https:\/\/blogs.correiobraziliense.com.br\/vicente\/wp-json\/wp\/v2\/posts\/4327\/revisions\/4328"}],"wp:attachment":[{"href":"https:\/\/blogs.correiobraziliense.com.br\/vicente\/wp-json\/wp\/v2\/media?parent=4327"}],"wp:term":[{"taxonomy":"category","embeddable":true,"href":"https:\/\/blogs.correiobraziliense.com.br\/vicente\/wp-json\/wp\/v2\/categories?post=4327"},{"taxonomy":"post_tag","embeddable":true,"href":"https:\/\/blogs.correiobraziliense.com.br\/vicente\/wp-json\/wp\/v2\/tags?post=4327"}],"curies":[{"name":"wp","href":"https:\/\/api.w.org\/{rel}","templated":true}]}}