{"id":4325,"date":"2017-03-08T15:01:16","date_gmt":"2017-03-08T18:01:16","guid":{"rendered":"https:\/\/blogs.correiobraziliense.com.br\/vicente\/?p=4325"},"modified":"2017-03-08T15:33:03","modified_gmt":"2017-03-08T18:33:03","slug":"15-milhoes-de-meninas-com-menos-de-18-anos-se-casam-todos-os-anos","status":"publish","type":"post","link":"https:\/\/blogs.correiobraziliense.com.br\/vicente\/15-milhoes-de-meninas-com-menos-de-18-anos-se-casam-todos-os-anos\/","title":{"rendered":"15 milh\u00f5es de meninas com menos de 18 anos se casam todos os anos"},"content":{"rendered":"<h2>MARLLA SABINO<\/h2>\n<h2><\/h2>\n<h2>Dados compilados pelo Banco Mundial (Bird), que ser\u00e3o divulgados nesta quinta-feira, 9, d\u00e3o uma dimens\u00e3o estarrecedora da situa\u00e7\u00e3o de milh\u00f5es de meninas por todo o mundo.<\/h2>\n<p>&nbsp;<\/p>\n<p>A cada ano, 15 milh\u00f5es de meninas se casam em todo o planeta antes de completarem 18 anos. No Brasil, 36% da popula\u00e7\u00e3o feminina se encontra nesta situa\u00e7\u00e3o.<\/p>\n<p>&nbsp;<\/p>\n<p>Boa parte dessas meninas est\u00e1 em situa\u00e7\u00e3o de vulnerabilidade. Tem baixo n\u00edvel de educa\u00e7\u00e3o e hist\u00f3rico familiar de gravidez na adolesc\u00eancia. H\u00e1, ainda, a quest\u00e3o cultural, como na \u00cdndia, em que as fam\u00edlias acertam os casamentos.<\/p>\n<p>&nbsp;<\/p>\n<p>Segundo o Bird, As meninas que se casam antes dos 18 anos t\u00eam mais chances de se tornarem v\u00edtimas de viol\u00eancia dom\u00e9stica e estupro marital. Sem estrutura emocional consolidada, acabam se submetendo \u00e0 viol\u00eancia como se fosse algo normal.<\/p>\n<p>&nbsp;<\/p>\n<p>Os dados coletados pelo Banco Mundial est\u00e3o no\u00a0relat\u00f3rio <em>Fechando a Brecha: Melhorando as Leis de Prote\u00e7\u00e3o \u00e0 Mulher contra a Viol\u00eancia<\/em>, que ser\u00e1 detalhado em um semin\u00e1rio realizado pela institui\u00e7\u00e3o em parceria com o Fundo de Popula\u00e7\u00e3o das Na\u00e7\u00f5es Unidas (Unfpa) e a ONU Mulheres.<\/p>\n<p>&nbsp;<\/p>\n<p><em>Bras\u00edlia, 15h01min<\/em><\/p>\n","protected":false},"excerpt":{"rendered":"<p>MARLLA SABINO Dados compilados pelo Banco Mundial (Bird), que ser\u00e3o divulgados nesta quinta-feira, 9, d\u00e3o uma dimens\u00e3o estarrecedora da situa\u00e7\u00e3o de milh\u00f5es de meninas por todo o mundo. &nbsp; A cada ano, 15 milh\u00f5es de meninas se casam em todo o planeta antes de completarem 18 anos. No Brasil, 36% da popula\u00e7\u00e3o feminina se encontra [&hellip;]<\/p>\n","protected":false},"author":22,"featured_media":0,"comment_status":"open","ping_status":"closed","sticky":false,"template":"","format":"standard","meta":{"footnotes":""},"categories":[600],"tags":[1704,1979,1980,1981],"class_list":["post-4325","post","type-post","status-publish","format-standard","hentry","category-economia","tag-banco-mundial","tag-meninas-de-ate-18-anos","tag-se-casam-em-todo-o-mundo","tag-vitimas-da-violencia"],"_links":{"self":[{"href":"https:\/\/blogs.correiobraziliense.com.br\/vicente\/wp-json\/wp\/v2\/posts\/4325","targetHints":{"allow":["GET"]}}],"collection":[{"href":"https:\/\/blogs.correiobraziliense.com.br\/vicente\/wp-json\/wp\/v2\/posts"}],"about":[{"href":"https:\/\/blogs.correiobraziliense.com.br\/vicente\/wp-json\/wp\/v2\/types\/post"}],"author":[{"embeddable":true,"href":"https:\/\/blogs.correiobraziliense.com.br\/vicente\/wp-json\/wp\/v2\/users\/22"}],"replies":[{"embeddable":true,"href":"https:\/\/blogs.correiobraziliense.com.br\/vicente\/wp-json\/wp\/v2\/comments?post=4325"}],"version-history":[{"count":1,"href":"https:\/\/blogs.correiobraziliense.com.br\/vicente\/wp-json\/wp\/v2\/posts\/4325\/revisions"}],"predecessor-version":[{"id":4326,"href":"https:\/\/blogs.correiobraziliense.com.br\/vicente\/wp-json\/wp\/v2\/posts\/4325\/revisions\/4326"}],"wp:attachment":[{"href":"https:\/\/blogs.correiobraziliense.com.br\/vicente\/wp-json\/wp\/v2\/media?parent=4325"}],"wp:term":[{"taxonomy":"category","embeddable":true,"href":"https:\/\/blogs.correiobraziliense.com.br\/vicente\/wp-json\/wp\/v2\/categories?post=4325"},{"taxonomy":"post_tag","embeddable":true,"href":"https:\/\/blogs.correiobraziliense.com.br\/vicente\/wp-json\/wp\/v2\/tags?post=4325"}],"curies":[{"name":"wp","href":"https:\/\/api.w.org\/{rel}","templated":true}]}}