{"id":4310,"date":"2017-03-05T21:48:29","date_gmt":"2017-03-06T00:48:29","guid":{"rendered":"https:\/\/blogs.correiobraziliense.com.br\/vicente\/?p=4310"},"modified":"2017-03-06T21:53:00","modified_gmt":"2017-03-07T00:53:00","slug":"ganho-do-fgts-vai-dobrar-em-agosto-para-6-ao-ano","status":"publish","type":"post","link":"https:\/\/blogs.correiobraziliense.com.br\/vicente\/ganho-do-fgts-vai-dobrar-em-agosto-para-6-ao-ano\/","title":{"rendered":"Ganho do FGTS vai dobrar em agosto, para 6% ao ano"},"content":{"rendered":"<h2>POR ROSANA HESSEL<\/h2>\n<h2><\/h2>\n<h2>Neste ano, o Fundo de Garantia do Tempo de Servi\u00e7o (FGTS) ter\u00e1 uma remunera\u00e7\u00e3o diferente. Os cotistas passar\u00e3o a ter direito a 50% do resultado dos investimentos, conforme o previsto na Medida Provis\u00f3ria n\u00ba 763, publicada em 22 de dezembro de 2016. Segundo\u00a0dados preliminares da equipe econ\u00f4mica, o Fundo teve um lucro de R$ 15 bilh\u00f5es no ano passado, valor 15,4% acima dos R$ 13 bilh\u00f5es registrados em 2015. Com isso, ser\u00e3o distribu\u00eddos para os cotistas R$ 7,5 bilh\u00f5es at\u00e9 31 de agosto. Esses recursos garantir\u00e3o uma remunera\u00e7\u00e3o superior aos 3% mais a Taxa Referencial (TR), algo que perde at\u00e9 para infla\u00e7\u00e3o oficial medida pelo \u00cdndice de Pre\u00e7os ao Consumidor Amplo (IPCA).<\/h2>\n<h2><\/h2>\n<p>Estimativas dos t\u00e9cnicos do governo indicam que a nova remunera\u00e7\u00e3o do Fundo ficar\u00e1 entre 5% e 6%, ou seja, aproximadamente o dobro do rendimento costumeiro. No ano passado, a TR ficou em 2,01%. Mas, em 2013, quando a infla\u00e7\u00e3o ainda era relativamente baixa, foi de apenas 0,19%. Ou seja, a remunera\u00e7\u00e3o das contas do FGTS foi de apenas 3,19%.<\/p>\n<p>&nbsp;<\/p>\n<p>O patrim\u00f4nio l\u00edquido do FGTS est\u00e1 estimado atualmente em R$ 120 bilh\u00f5es, segundo os t\u00e9cnicos. Por conta da mudan\u00e7a na remunera\u00e7\u00e3o, esse montante crescer\u00e1 menos daqui para frente, j\u00e1 que o resultado do Fundo n\u00e3o passar\u00e1 integralmente para o patrim\u00f4nio. Vale lembrar que, de acordo com a MP 763, \u201ca distribui\u00e7\u00e3o ser\u00e1 proporcional ao saldo de cada conta vinculada em 31 de dezembro do exerc\u00edcio base e dever\u00e1 ocorrer at\u00e9 31 de agosto do ano seguinte ao exerc\u00edcio de apura\u00e7\u00e3o do resultado\u201d. Logo, a base para o c\u00e1lculo da remunera\u00e7\u00e3o ser\u00e1 o valor anterior ao saque das contas inativas, que ocorrer\u00e1 entre este m\u00eas e 31 de julho.<\/p>\n<p>&nbsp;<\/p>\n<p>A posterga\u00e7\u00e3o da distribui\u00e7\u00e3o do resultado para o per\u00edodo ap\u00f3s o saque das contas inativas \u00e9 uma forma de preserva\u00e7\u00e3o do patrim\u00f4nio do Fundo, garantem os t\u00e9cnicos. Em contrapartida, a corre\u00e7\u00e3o n\u00e3o ter\u00e1 impacto direto na atividade, segundo a fonte do governo, porque n\u00e3o ser\u00e1 poss\u00edvel ao trabalhador ter acesso imediato ao aumento da remunera\u00e7\u00e3o. Ele ter\u00e1 de se submeter \u00e0s regras de praxe, que permitem o acesso ao dinheiro em caso de doen\u00e7a grave, demiss\u00e3o sem justa causa, compra de im\u00f3vel dentro do limite ou amortiza\u00e7\u00e3o de financiamento imobili\u00e1rio. Embora a posterga\u00e7\u00e3o do cr\u00e9dito da nova remunera\u00e7\u00e3o seja um inc\u00f4modo para os cotistas, \u00e9 um alento para quem teme esvaziamento do Fundo.<\/p>\n<p>&nbsp;<\/p>\n<p>Os primeiros trabalhadores com direito ao resgate do Fundo a partir deste m\u00eas s\u00e3o as pessoas nascidas em janeiro e fevereiro. A expectativa do governo \u00e9 que as retiradas da poupan\u00e7a do trabalhador girem em torno de R$ 35 bilh\u00f5es at\u00e9 a data limite, que n\u00e3o ter\u00e1 prorroga\u00e7\u00e3o.<\/p>\n<p>&nbsp;<\/p>\n<p>O ministro da Fazenda, Henrique Meirelles, anunciou uma s\u00e9rie de medidas envolvendo o FGTS al\u00e9m do saque das contas inativas: aumento de R$ 8,5 bilh\u00f5es nos recursos para o Minha Casa Minha Vida, a amplia\u00e7\u00e3o para R$ 1,5 milh\u00e3o do limite no valor de im\u00f3veis que podem ser financiados pelo Sistema Financeiro de Habita\u00e7\u00e3o (SFH) com uso do Fundo e a redu\u00e7\u00e3o da multa de 10% sobre o saldo do FGTS, cobrada do empregador nos casos de demiss\u00e3o sem justa causa com e sua posterior elimina\u00e7\u00e3o num prazo de dez anos. De acordo com novos c\u00e1lculos de t\u00e9cnicos da Fazenda, tudo isso deve somar R$ 48 bilh\u00f5es na economia, o equivalente a 0,7% do Produto Interno Bruto (PIB).<\/p>\n<p>&nbsp;<\/p>\n<p>Especialistas, no entanto, n\u00e3o acreditam que a totalidade do saque das contas inativas ser\u00e1 injetada na economia. Na avalia\u00e7\u00e3o do economista-chefe da Gradual Investimentos, Andr\u00e9 Perfeito, a maioria das pessoas v\u00e3o pagar d\u00edvidas com o dinheiro do Fundo. Ele v\u00ea riscos nas medidas decididas pelo governo. \u201cO problema \u00e9 que a poupan\u00e7a de longo prazo est\u00e1 sendo queimada. O desemprego est\u00e1 elevado e \u00e9 uma falta de cuidado do governo ao deixar de entender que dois componentes importantes do PIB continuar\u00e3o caindo: o consumo das fam\u00edlias e o investimento\u201d, destaca.<\/p>\n<p>&nbsp;<\/p>\n<p>Um integrante do Conselho Curador do FGTS revela que a aprova\u00e7\u00e3o das medidas adotadas pelo governo gerou preocupa\u00e7\u00e3o, j\u00e1 que o desemprego \u00e9 crescente no pa\u00eds. \u201cAl\u00e9m da incerteza das possibilidades de outras iniciativas do governo que possam comprometer a capacidade e o vigor do Fundo em continuar a financiar o que j\u00e1 tem como meta, essas situa\u00e7\u00f5es podem reduzir mais os recursos do Fundo, at\u00e9 mesmo comprometendo a distribui\u00e7\u00e3o dos resultados e a capacidade de investimento\u201d, afirma o conselheiro. Uma fonte da equipe econ\u00f4mica, no entanto, disse que o governo tamb\u00e9m est\u00e1 preocupado com isso e reconhece que \u201cn\u00e3o h\u00e1 mais espa\u00e7o para o uso do FGTS\u201d para tentar estimular a economia.<\/p>\n","protected":false},"excerpt":{"rendered":"<p>POR ROSANA HESSEL Neste ano, o Fundo de Garantia do Tempo de Servi\u00e7o (FGTS) ter\u00e1 uma remunera\u00e7\u00e3o diferente. Os cotistas passar\u00e3o a ter direito a 50% do resultado dos investimentos, conforme o previsto na Medida Provis\u00f3ria n\u00ba 763, publicada em 22 de dezembro de 2016. Segundo\u00a0dados preliminares da equipe econ\u00f4mica, o Fundo teve um lucro [&hellip;]<\/p>\n","protected":false},"author":22,"featured_media":0,"comment_status":"open","ping_status":"closed","sticky":false,"template":"","format":"standard","meta":{"footnotes":""},"categories":[600],"tags":[1969,507,1968,1967,810],"class_list":["post-4310","post","type-post","status-publish","format-standard","hentry","category-economia","tag-divisao-dos-lucros","tag-fgts","tag-ganho-passara-de-3-para-6-ao-ano","tag-rendimento-maior","tag-trabalhadores"],"_links":{"self":[{"href":"https:\/\/blogs.correiobraziliense.com.br\/vicente\/wp-json\/wp\/v2\/posts\/4310","targetHints":{"allow":["GET"]}}],"collection":[{"href":"https:\/\/blogs.correiobraziliense.com.br\/vicente\/wp-json\/wp\/v2\/posts"}],"about":[{"href":"https:\/\/blogs.correiobraziliense.com.br\/vicente\/wp-json\/wp\/v2\/types\/post"}],"author":[{"embeddable":true,"href":"https:\/\/blogs.correiobraziliense.com.br\/vicente\/wp-json\/wp\/v2\/users\/22"}],"replies":[{"embeddable":true,"href":"https:\/\/blogs.correiobraziliense.com.br\/vicente\/wp-json\/wp\/v2\/comments?post=4310"}],"version-history":[{"count":1,"href":"https:\/\/blogs.correiobraziliense.com.br\/vicente\/wp-json\/wp\/v2\/posts\/4310\/revisions"}],"predecessor-version":[{"id":4311,"href":"https:\/\/blogs.correiobraziliense.com.br\/vicente\/wp-json\/wp\/v2\/posts\/4310\/revisions\/4311"}],"wp:attachment":[{"href":"https:\/\/blogs.correiobraziliense.com.br\/vicente\/wp-json\/wp\/v2\/media?parent=4310"}],"wp:term":[{"taxonomy":"category","embeddable":true,"href":"https:\/\/blogs.correiobraziliense.com.br\/vicente\/wp-json\/wp\/v2\/categories?post=4310"},{"taxonomy":"post_tag","embeddable":true,"href":"https:\/\/blogs.correiobraziliense.com.br\/vicente\/wp-json\/wp\/v2\/tags?post=4310"}],"curies":[{"name":"wp","href":"https:\/\/api.w.org\/{rel}","templated":true}]}}