{"id":4303,"date":"2017-03-04T08:10:58","date_gmt":"2017-03-04T11:10:58","guid":{"rendered":"https:\/\/blogs.correiobraziliense.com.br\/vicente\/?p=4303"},"modified":"2017-03-04T14:20:58","modified_gmt":"2017-03-04T17:20:58","slug":"governo-nao-ha-motivo-para-desespero-com-odebrecht","status":"publish","type":"post","link":"https:\/\/blogs.correiobraziliense.com.br\/vicente\/governo-nao-ha-motivo-para-desespero-com-odebrecht\/","title":{"rendered":"Governo: n\u00e3o h\u00e1 motivo para desespero com Odebrecht"},"content":{"rendered":"<h2>Quem esperava um fim de semana tranquilo, depois do feriado prolongado de carnaval, foi obrigado a botar as barbas de molho. O tiroteio provocado pelas declara\u00e7\u00f5es, ao Tribunal Superior Eleitoral (TSE), de Marcelo Odebrecht e de ex-executivos da construtora que liderou o processo de corrup\u00e7\u00e3o na Petrobras, deixou pol\u00edticos dos principais partidos numa situa\u00e7\u00e3o bastante dif\u00edcil e ampliou a incerteza sobre o futuro do governo de Michel Temer. O s\u00e1bado e o domingo ser\u00e3o regados \u00e0 muita articula\u00e7\u00e3o. Qualquer nota desafinada poder\u00e1 ser fatal.<\/h2>\n<p>&nbsp;<\/p>\n<p>Ainda que o Pal\u00e1cio do Planalto fa\u00e7a uma avalia\u00e7\u00e3o positiva em rela\u00e7\u00e3o ao que disse Odebrecht, j\u00e1 que ele n\u00e3o associou Temer a nenhum pedido formal de recursos para campanhas pol\u00edticas, h\u00e1 muitas dela\u00e7\u00f5es pela frente. Dos 77 executivos da empreiteira que fizeram acordo com a Justi\u00e7a para dizer o que sabem sobre o esquema que saqueou a Petrobras, conhece-se apenas detalhes de tr\u00eas depoimentos. H\u00e1 muita coisa para ser revelada.<\/p>\n<p>&nbsp;<\/p>\n<p>Faz parte do jogo o governo tentar blindar Temer. Mas, entre os assessores mais pr\u00f3ximos do presidente da Rep\u00fablica, quase todos reconhecem que ele est\u00e1 em uma situa\u00e7\u00e3o delicada. Mesmo que n\u00e3o haja den\u00fancias pesadas contra ele, o risco de o TSE cassar a chapa na qual o peemedebista foi vice de Dilma Rousseff aumentou muito. \u201cA situa\u00e7\u00e3o est\u00e1 bastante complicada, e o presidente sabe disso. Mas a ordem \u00e9 n\u00e3o se desesperar. Vamos manter o discurso positivo, focar em pontos que possam trazer retorno para o governo\u201d, destaca um dos assessores.<\/p>\n<p>&nbsp;<\/p>\n<p><strong>Donos do dinheiro<\/strong><\/p>\n<p>&nbsp;<\/p>\n<p>A estrat\u00e9gia de sobreviv\u00eancia de Temer inclui uma for\u00e7a-tarefa para aprovar, o mais rapidamente poss\u00edvel e sem grande altera\u00e7\u00f5es no projeto original, a reforma da Previd\u00eancia. A ofensiva tem uma explica\u00e7\u00e3o relevante: o Planalto acredita que, ao se mostrar ativo em temas que o mercado considera importantes, conseguir\u00e1 manter o apoio que vem recebendo de investidores e empres\u00e1rios. O governo precisa convencer os donos do dinheiro que, mesmo abalado pelas dela\u00e7\u00f5es da Odebrecht, continua com for\u00e7a suficiente no Congresso para aprovar propostas relevantes para o pa\u00eds.<\/p>\n<p>&nbsp;<\/p>\n<p>O Planalto, inclusive, vai usar toda as moedas que tem para entregar o que prometeu. Emiss\u00e1rios de Temer deram in\u00edcio ontem a uma ofensiva junto aos aliados pol\u00edticos. O recado que est\u00e1 sendo passado a parlamentares \u00e9 o de que perder\u00e3o todos os cargos na administra\u00e7\u00e3o p\u00fablica se n\u00e3o votarem em linha com o que deseja o governo. As boquinhas s\u00e3o muitas e importantes para que os pol\u00edticos reforcem presen\u00e7a em suas bases de origem. \u201cNo quadro atual, n\u00e3o h\u00e1 espa\u00e7o para meio-termo. Ou os que se dizem aliados est\u00e3o com o governo, ou est\u00e3o fora\u201d, diz um ministro muito ligado ao presidente.<\/p>\n<p>&nbsp;<\/p>\n<p>Temer ouviu do grupo que o cerca que o pior, neste momento, \u00e9 dar sinais de fragilidade. Seria um baque na economia, que tem sido o esteio do governo. Os conselheiros presidenciais dizem que foi o discurso coerente do peemedebista em rela\u00e7\u00e3o \u00e0s reformas da Previd\u00eancia e trabalhista que permitiu a cria\u00e7\u00e3o de um clima positivo entre os agentes econ\u00f4micos. A recess\u00e3o come\u00e7a a dar adeus, a infla\u00e7\u00e3o est\u00e1 em queda livre e o Banco Central avisou que pode acelerar o corte na taxa b\u00e1sica de juros (Selic). \u201cN\u00e3o podemos abrir m\u00e3o do apoio do mercado. Isso exige pressa nas reformas\u201d, destaca o ministro.<\/p>\n<p>&nbsp;<\/p>\n<p><strong>Pontos fechados<\/strong><\/p>\n<p>&nbsp;<\/p>\n<p>Para tentar se contrap\u00f4r \u00e0 onda de m\u00e1s not\u00edcias que vir\u00e3o das dela\u00e7\u00f5es da Odebrecht \u2014 mais dois delatores v\u00e3o dep\u00f4r nesta segunda-feira, deste vez, no Superior Tribunal de Justi\u00e7a (STJ) \u2014, o Planalto escalou a equipe econ\u00f4mica para difundir o discurso de que o pior da crise ficou para tr\u00e1s. O ministro da Fazenda, Henrique Meirelles, intensificar\u00e1 suas declara\u00e7\u00f5es p\u00fablicas, ao mesmo tempo em que ser\u00e1 um dos lideres da tropa de choque para a aprova\u00e7\u00e3o da reforma da Previd\u00eancia.<\/p>\n<p>&nbsp;<\/p>\n<p>Na conversa que teve ontem com o presidente da C\u00e2mara, Rodrigo Maia, o ministro foi enf\u00e1tico: o governo n\u00e3o abre m\u00e3o da idade m\u00ednima de 65 anos para a aposentadoria de homens e mulheres, do regime de transi\u00e7\u00e3o, no qual homens com mais de 50 anos e mulheres com mais de 45 ter\u00e3o que pagar um ped\u00e1gio para se retirar do mercado de trabalho, e da proibi\u00e7\u00e3o de se receber dois benef\u00edcios (pens\u00e3o e aposentadoria). Esse discurso ser\u00e1 replicado para os parlamentares que v\u00eam se posicionando contra as mudan\u00e7as no sistema previdenci\u00e1rio, mas se dizem da base aliada.<\/p>\n<p>&nbsp;<\/p>\n<p>\u201cVamos para o tudo ou nada. No ponto em que chegamos, com o mundo pol\u00edtico devastado pelas dela\u00e7\u00f5es da Odebrecht, o governo n\u00e3o pode titubear\u201d, assinala um assessor do Planalto. Para ele, se o governo conseguir se manter de p\u00e9, mesmo obrigado a abrir m\u00e3o de ministros como Eliseu Padilha, da Casa Civil, j\u00e1 ser\u00e1 um feito e tanto. \u201cO que n\u00e3o pode \u00e9 difundir a vis\u00e3o de que estamos diante de um presidente acuado, sem for\u00e7a pol\u00edtica. Isso n\u00e3o existe. Temer est\u00e1 disposto a levar seu governo at\u00e9 o final e entregar tudo o que prometeu\u201d, complementa. Os dias que est\u00e3o por vir ser\u00e3o decisivos.<\/p>\n<p>&nbsp;<\/p>\n<p><em>Bras\u00edlia, 08h10min<\/em><\/p>\n","protected":false},"excerpt":{"rendered":"<p>Quem esperava um fim de semana tranquilo, depois do feriado prolongado de carnaval, foi obrigado a botar as barbas de molho. O tiroteio provocado pelas declara\u00e7\u00f5es, ao Tribunal Superior Eleitoral (TSE), de Marcelo Odebrecht e de ex-executivos da construtora que liderou o processo de corrup\u00e7\u00e3o na Petrobras, deixou pol\u00edticos dos principais partidos numa situa\u00e7\u00e3o bastante [&hellip;]<\/p>\n","protected":false},"author":22,"featured_media":0,"comment_status":"open","ping_status":"closed","sticky":false,"template":"","format":"standard","meta":{"footnotes":""},"categories":[600],"tags":[255,1951,111,1613,933,656,1962],"class_list":["post-4303","post","type-post","status-publish","format-standard","hentry","category-economia","tag-corrupcao","tag-delacoes","tag-michel-temer","tag-odebrecht","tag-reforma-da-previdencia","tag-rodrigo-maia","tag-sem-desespero"],"_links":{"self":[{"href":"https:\/\/blogs.correiobraziliense.com.br\/vicente\/wp-json\/wp\/v2\/posts\/4303","targetHints":{"allow":["GET"]}}],"collection":[{"href":"https:\/\/blogs.correiobraziliense.com.br\/vicente\/wp-json\/wp\/v2\/posts"}],"about":[{"href":"https:\/\/blogs.correiobraziliense.com.br\/vicente\/wp-json\/wp\/v2\/types\/post"}],"author":[{"embeddable":true,"href":"https:\/\/blogs.correiobraziliense.com.br\/vicente\/wp-json\/wp\/v2\/users\/22"}],"replies":[{"embeddable":true,"href":"https:\/\/blogs.correiobraziliense.com.br\/vicente\/wp-json\/wp\/v2\/comments?post=4303"}],"version-history":[{"count":1,"href":"https:\/\/blogs.correiobraziliense.com.br\/vicente\/wp-json\/wp\/v2\/posts\/4303\/revisions"}],"predecessor-version":[{"id":4304,"href":"https:\/\/blogs.correiobraziliense.com.br\/vicente\/wp-json\/wp\/v2\/posts\/4303\/revisions\/4304"}],"wp:attachment":[{"href":"https:\/\/blogs.correiobraziliense.com.br\/vicente\/wp-json\/wp\/v2\/media?parent=4303"}],"wp:term":[{"taxonomy":"category","embeddable":true,"href":"https:\/\/blogs.correiobraziliense.com.br\/vicente\/wp-json\/wp\/v2\/categories?post=4303"},{"taxonomy":"post_tag","embeddable":true,"href":"https:\/\/blogs.correiobraziliense.com.br\/vicente\/wp-json\/wp\/v2\/tags?post=4303"}],"curies":[{"name":"wp","href":"https:\/\/api.w.org\/{rel}","templated":true}]}}