{"id":4295,"date":"2017-03-03T10:08:00","date_gmt":"2017-03-03T13:08:00","guid":{"rendered":"https:\/\/blogs.correiobraziliense.com.br\/vicente\/?p=4295"},"modified":"2017-03-03T10:08:00","modified_gmt":"2017-03-03T13:08:00","slug":"sem-caixa-invepar-atrasa-obras-da-br-040","status":"publish","type":"post","link":"https:\/\/blogs.correiobraziliense.com.br\/vicente\/sem-caixa-invepar-atrasa-obras-da-br-040\/","title":{"rendered":"Sem caixa, Invepar atrasa obras da BR-040"},"content":{"rendered":"<p>\u00bb As obras de duplica\u00e7\u00e3o da BR-040, que liga Bras\u00edlia ao Rio de Janeiro, est\u00e3o completamente atrasadas. Respons\u00e1vel pelo empreendimento, a Invepar, cujos s\u00f3cios s\u00e3o a encrencada OAS e os fundos de pens\u00e3o dos empregados do Banco do Brasil (Previ), da Petrobras (Petros) e da Caixa Econ\u00f4mica Federal (Funcef), est\u00e1 sem caixa para tocar o empreendimento.<\/p>\n<p>&nbsp;<\/p>\n<p><b>Caixa vazio<\/b><\/p>\n<p>&nbsp;<\/p>\n<p>\u00bb A Invepar diz que cumpriu, al\u00e9m do previsto em contrato, a primeira etapa das obras da BR-040, ao duplicar 73 km que ligam Jo\u00e3o Pinheiro (MG) e Luzi\u00e2nia (GO). A continuidade do empreendimento, por\u00e9m, depende de licen\u00e7as ambientais e de condi\u00e7\u00f5es de financiamento. O empr\u00e9stimo de quase R$ 1 bilh\u00e3o prometido pelo BNDES em 2014 ainda n\u00e3o saiu.<\/p>\n<p>&nbsp;<\/p>\n<p><b>Sa\u00edda das ar\u00e1bias<\/b><\/p>\n<p>&nbsp;<\/p>\n<p>\u00bb Como os fundos de pens\u00e3o n\u00e3o querem mais enfiar dinheiro na Invepar, que est\u00e1 superendividada, a sa\u00edda da empresa passa por um poss\u00edvel aporte do fundo \u00e1rabe Munbadala \u2014 essa opera\u00e7\u00e3o, contudo, est\u00e1 emperrada \u2014 e pela venda de parte das concess\u00f5es que det\u00e9m, entre elas, a Linha Amarela, no Rio de Janeiro.<\/p>\n<p>&nbsp;<\/p>\n<p><i>Bras\u00edlia, 09h30min<\/i><\/p>\n","protected":false},"excerpt":{"rendered":"<p>\u00bb As obras de duplica\u00e7\u00e3o da BR-040, que liga Bras\u00edlia ao Rio de Janeiro, est\u00e3o completamente atrasadas. Respons\u00e1vel pelo empreendimento, a Invepar, cujos s\u00f3cios s\u00e3o a encrencada OAS e os fundos de pens\u00e3o dos empregados do Banco do Brasil (Previ), da Petrobras (Petros) e da Caixa Econ\u00f4mica Federal (Funcef), est\u00e1 sem caixa para tocar o [&hellip;]<\/p>\n","protected":false},"author":22,"featured_media":0,"comment_status":"open","ping_status":"closed","sticky":false,"template":"","format":"standard","meta":{"footnotes":""},"categories":[600],"tags":[1954,166,1955,1956],"class_list":["post-4295","post","type-post","status-publish","format-standard","hentry","category-economia","tag-br-040","tag-endividamento","tag-invepar","tag-obras-atrasadas"],"_links":{"self":[{"href":"https:\/\/blogs.correiobraziliense.com.br\/vicente\/wp-json\/wp\/v2\/posts\/4295","targetHints":{"allow":["GET"]}}],"collection":[{"href":"https:\/\/blogs.correiobraziliense.com.br\/vicente\/wp-json\/wp\/v2\/posts"}],"about":[{"href":"https:\/\/blogs.correiobraziliense.com.br\/vicente\/wp-json\/wp\/v2\/types\/post"}],"author":[{"embeddable":true,"href":"https:\/\/blogs.correiobraziliense.com.br\/vicente\/wp-json\/wp\/v2\/users\/22"}],"replies":[{"embeddable":true,"href":"https:\/\/blogs.correiobraziliense.com.br\/vicente\/wp-json\/wp\/v2\/comments?post=4295"}],"version-history":[{"count":1,"href":"https:\/\/blogs.correiobraziliense.com.br\/vicente\/wp-json\/wp\/v2\/posts\/4295\/revisions"}],"predecessor-version":[{"id":4296,"href":"https:\/\/blogs.correiobraziliense.com.br\/vicente\/wp-json\/wp\/v2\/posts\/4295\/revisions\/4296"}],"wp:attachment":[{"href":"https:\/\/blogs.correiobraziliense.com.br\/vicente\/wp-json\/wp\/v2\/media?parent=4295"}],"wp:term":[{"taxonomy":"category","embeddable":true,"href":"https:\/\/blogs.correiobraziliense.com.br\/vicente\/wp-json\/wp\/v2\/categories?post=4295"},{"taxonomy":"post_tag","embeddable":true,"href":"https:\/\/blogs.correiobraziliense.com.br\/vicente\/wp-json\/wp\/v2\/tags?post=4295"}],"curies":[{"name":"wp","href":"https:\/\/api.w.org\/{rel}","templated":true}]}}