{"id":4291,"date":"2017-03-02T09:30:26","date_gmt":"2017-03-02T12:30:26","guid":{"rendered":"https:\/\/blogs.correiobraziliense.com.br\/vicente\/?p=4291"},"modified":"2017-03-02T10:16:50","modified_gmt":"2017-03-02T13:16:50","slug":"padilha-vai-ser-sacrificado-por-temer","status":"publish","type":"post","link":"https:\/\/blogs.correiobraziliense.com.br\/vicente\/padilha-vai-ser-sacrificado-por-temer\/","title":{"rendered":"Padilha vai ser sacrificado por Temer"},"content":{"rendered":"<h2>Se havia alguma d\u00favida sobre a volta de Eliseu Padilha para a Casa Civil, ela se dissipou diante do depoimento de Marcelo Odebrecht ao Tribunal Superior Eleitoral (TSE). O empres\u00e1rio jogou no colo do ministro licenciado a responsabilidade pelo recebimento e o destino de R$ 10 milh\u00f5es que foram repassados pela construtora ao PMDB.<\/h2>\n<h2><\/h2>\n<p>Como foi isentado por Odebrecht no depoimento, o presidente Michel Temer deixar\u00e1 Padilha queimar sozinho em pra\u00e7a p\u00fablica. Segundo o empres\u00e1rio, em jantar no Pal\u00e1cio do Jaburu, em 2014, Temer falou sobre doa\u00e7\u00f5es da construtora ao PMDB. Mas, em nenhum momento, o ent\u00e3o vice-presidente falou em valores. Isso foi tratado diretamente com Padilha, quando Temer j\u00e1 n\u00e3o estava mais presente.<\/p>\n<p>&nbsp;<\/p>\n<p>Auxiliares de Temer acreditam que Padilha foi jogado de vez no olho do furac\u00e3o e n\u00e3o h\u00e1 mais nada que o presidente possa fazer para salv\u00e1-lo. A necessidade de sobreviv\u00eancia, agora, \u00e9 de Temer, que tentar\u00e1 se livrar, a todo custo, do processo conduzido pelo TSE. O presidente quer que a decis\u00e3o do Tribunal seja pelo desmembramento da chapa da qual ele era vice de Dilma Rousseff.<\/p>\n<p>&nbsp;<\/p>\n<p>Para o Planalto, Padilha, que est\u00e1 afastado da Casa Civil por problemas de sa\u00fade, vai ter que assumir todos os \u00f4nus das declara\u00e7\u00f5es de Odebrecht. O ministro, por sinal, j\u00e1 foi entregue por Jos\u00e9 Yunes, amigo pessoal de Temer e ex-assessor especial do presidente. Yunes disse que &#8220;serviu de mula&#8221; para Padilha, ao receber um envelope em seu escrit\u00f3rio entregue pelo lobista L\u00facio Funaro, que est\u00e1 preso.<\/p>\n<p>&nbsp;<\/p>\n<p><i>Bras\u00edlia, 09h30min<\/i><\/p>\n","protected":false},"excerpt":{"rendered":"<p>Se havia alguma d\u00favida sobre a volta de Eliseu Padilha para a Casa Civil, ela se dissipou diante do depoimento de Marcelo Odebrecht ao Tribunal Superior Eleitoral (TSE). O empres\u00e1rio jogou no colo do ministro licenciado a responsabilidade pelo recebimento e o destino de R$ 10 milh\u00f5es que foram repassados pela construtora ao PMDB. Como [&hellip;]<\/p>\n","protected":false},"author":22,"featured_media":0,"comment_status":"open","ping_status":"closed","sticky":false,"template":"","format":"standard","meta":{"footnotes":""},"categories":[600],"tags":[564,1615,1950,1542,111,153,1949],"class_list":["post-4291","post","type-post","status-publish","format-standard","hentry","category-economia","tag-eliseu-padilha","tag-jose-yunes","tag-lucio-funaro","tag-marcelo-odebrecht","tag-michel-temer","tag-pmdb","tag-r-10-milhoes"],"_links":{"self":[{"href":"https:\/\/blogs.correiobraziliense.com.br\/vicente\/wp-json\/wp\/v2\/posts\/4291","targetHints":{"allow":["GET"]}}],"collection":[{"href":"https:\/\/blogs.correiobraziliense.com.br\/vicente\/wp-json\/wp\/v2\/posts"}],"about":[{"href":"https:\/\/blogs.correiobraziliense.com.br\/vicente\/wp-json\/wp\/v2\/types\/post"}],"author":[{"embeddable":true,"href":"https:\/\/blogs.correiobraziliense.com.br\/vicente\/wp-json\/wp\/v2\/users\/22"}],"replies":[{"embeddable":true,"href":"https:\/\/blogs.correiobraziliense.com.br\/vicente\/wp-json\/wp\/v2\/comments?post=4291"}],"version-history":[{"count":1,"href":"https:\/\/blogs.correiobraziliense.com.br\/vicente\/wp-json\/wp\/v2\/posts\/4291\/revisions"}],"predecessor-version":[{"id":4292,"href":"https:\/\/blogs.correiobraziliense.com.br\/vicente\/wp-json\/wp\/v2\/posts\/4291\/revisions\/4292"}],"wp:attachment":[{"href":"https:\/\/blogs.correiobraziliense.com.br\/vicente\/wp-json\/wp\/v2\/media?parent=4291"}],"wp:term":[{"taxonomy":"category","embeddable":true,"href":"https:\/\/blogs.correiobraziliense.com.br\/vicente\/wp-json\/wp\/v2\/categories?post=4291"},{"taxonomy":"post_tag","embeddable":true,"href":"https:\/\/blogs.correiobraziliense.com.br\/vicente\/wp-json\/wp\/v2\/tags?post=4291"}],"curies":[{"name":"wp","href":"https:\/\/api.w.org\/{rel}","templated":true}]}}