{"id":4283,"date":"2017-02-26T10:05:28","date_gmt":"2017-02-26T13:05:28","guid":{"rendered":"https:\/\/blogs.correiobraziliense.com.br\/vicente\/?p=4283"},"modified":"2017-02-26T16:58:21","modified_gmt":"2017-02-26T19:58:21","slug":"fazenda-busca-r-65-bi-para-evitar-corte-superior-r-20-bi-no-orcamento","status":"publish","type":"post","link":"https:\/\/blogs.correiobraziliense.com.br\/vicente\/fazenda-busca-r-65-bi-para-evitar-corte-superior-r-20-bi-no-orcamento\/","title":{"rendered":"Fazenda busca R$ 65 bi para evitar corte superior a R$ 20 bi no Or\u00e7amento"},"content":{"rendered":"<h2>POR\u00a0ROSANA HESSEL<\/h2>\n<h2><\/h2>\n<h2>Apesar de n\u00e3o admitir oficialmente, a equipe econ\u00f4mica liderada pelo ministro da Fazenda, Henrique Meirelles, est\u00e1 com um enorme abacaxi nas m\u00e3os. Dados preliminares apontam que ser\u00e3o necess\u00e1rios R$ 65 bilh\u00f5es para conseguir cumprir a meta fiscal prevista pela Lei de Diretrizes Or\u00e7ament\u00e1rias (LDO) deste ano: um rombo que n\u00e3o ultrapasse R$ 139,9 bilh\u00f5es nas contas do governo central, que inclui Tesouro Nacional, Banco Central e Previd\u00eancia Social.<\/h2>\n<p>&nbsp;<\/p>\n<p>Nos pr\u00f3ximos dias, os t\u00e9cnicos dos minist\u00e9rios da Fazenda e do Planejamento ter\u00e3o de se debru\u00e7ar sobre os n\u00fameros do Or\u00e7amento para tentar fechar a conta at\u00e9 22 de mar\u00e7o, data limite para a entrega do relat\u00f3rio bimestral de avalia\u00e7\u00e3o de receitas e despesas. Por enquanto, o governo est\u00e1 contando apenas com R$ 25 bilh\u00f5es em receitas extraordin\u00e1rias com a segunda etapa do regime de repatria\u00e7\u00e3o de recursos no exterior. E isso ainda depende de aprova\u00e7\u00e3o do Congresso Nacional.<\/p>\n<p>&nbsp;<\/p>\n<p>Restam R$ 40 bilh\u00f5es para evitar mudan\u00e7a na meta fiscal. Isso seria um vexame que equipararia o governo de Michel Temer ao da ex-presidente Dilma Rousseff, no qual se mudava a meta constantemente devido \u00e0s proje\u00e7\u00f5es or\u00e7ament\u00e1rias fora da realidade.<\/p>\n<p>&nbsp;<\/p>\n<p>T\u00e9cnicos do governo admitem, extraoficialmente, que o contingenciamento de gastos ser\u00e1 inevit\u00e1vel em mar\u00e7o. S\u00f3 que eles querem evitar um corte desse tamanho, porque isso \u201cpararia a m\u00e1quina\u201d. A tesourada que est\u00e3o admitindo nos bastidores \u00e9 de cerca de R$ 20 bilh\u00f5es. Resta saber se eles tentar\u00e3o cobrir essa diferen\u00e7a com receita extra ou reduzindo mais ainda as despesas discricion\u00e1rias (n\u00e3o obrigat\u00f3rias), que somam R$ 290,2 bilh\u00f5es nas previs\u00f5es da Lei Or\u00e7ament\u00e1ria Anual (LOA). Nessa rubrica, est\u00e3o inclu\u00eddos, por exemplo, o Bolsa Fam\u00edlia (R$ 29,8 bilh\u00f5es), o Programa de Acelera\u00e7\u00e3o do Crescimento (PAC), (R$ 30,3 bilh\u00f5es), o Minha Casa Minha Vida (R$ 6,9 bilh\u00f5es) e benef\u00edcios e regalias ao funcionalismo \u2014 esse item n\u00e3o consta nas despesas com pessoal e gira em torno de R$ 13 bilh\u00f5es.<\/p>\n<p>&nbsp;<\/p>\n<p>Apesar do resultado do governo central positivo em janeiro, n\u00e3o h\u00e1 d\u00favidas entre especialistas de que n\u00e3o ser\u00e1 poss\u00edvel cumprir a meta fiscal deste ano. A sa\u00edda seria aumentar impostos ou cortar mais gastos, como suspender os reajustes concedidos aos servidores no ano passado, mas isso teria um \u00f4nus pol\u00edtico de apoio para a reforma da Previd\u00eancia, segundo uma fonte do mercado financeiro.<\/p>\n<p>&nbsp;<\/p>\n<p>O economista-chefe da Gradual Investimentos, Andr\u00e9 Perfeito, avisa que o rombo fiscal do governo central neste ano ser\u00e1 bem maior do que o deficit de R$ 154,2 bilh\u00f5es de 2016. \u201cA atividade vai demorar para se recuperar e isso refletir\u00e1 na arrecada\u00e7\u00e3o, que ser\u00e1 menor do que o esperado pelo governo\u201d, avisa ele, que aposta em alta de apenas 0,12% no PIB este ano e em um deficit prim\u00e1rio acima de R$ 180 bilh\u00f5es.<\/p>\n<p>&nbsp;<\/p>\n<p><em>Bras\u00edlia, 10h05min<\/em><\/p>\n","protected":false},"excerpt":{"rendered":"<p>POR\u00a0ROSANA HESSEL Apesar de n\u00e3o admitir oficialmente, a equipe econ\u00f4mica liderada pelo ministro da Fazenda, Henrique Meirelles, est\u00e1 com um enorme abacaxi nas m\u00e3os. Dados preliminares apontam que ser\u00e3o necess\u00e1rios R$ 65 bilh\u00f5es para conseguir cumprir a meta fiscal prevista pela Lei de Diretrizes Or\u00e7ament\u00e1rias (LDO) deste ano: um rombo que n\u00e3o ultrapasse R$ 139,9 [&hellip;]<\/p>\n","protected":false},"author":22,"featured_media":0,"comment_status":"open","ping_status":"closed","sticky":false,"template":"","format":"standard","meta":{"footnotes":""},"categories":[600],"tags":[1942,1158,1943,19,1016,1944],"class_list":["post-4283","post","type-post","status-publish","format-standard","hentry","category-economia","tag-arrocho","tag-corte","tag-limite-de-r-20-bilhoes","tag-ministerio-da-fazenda","tag-orcamento-de-2017","tag-procura-por-r-65-bilhoes"],"_links":{"self":[{"href":"https:\/\/blogs.correiobraziliense.com.br\/vicente\/wp-json\/wp\/v2\/posts\/4283","targetHints":{"allow":["GET"]}}],"collection":[{"href":"https:\/\/blogs.correiobraziliense.com.br\/vicente\/wp-json\/wp\/v2\/posts"}],"about":[{"href":"https:\/\/blogs.correiobraziliense.com.br\/vicente\/wp-json\/wp\/v2\/types\/post"}],"author":[{"embeddable":true,"href":"https:\/\/blogs.correiobraziliense.com.br\/vicente\/wp-json\/wp\/v2\/users\/22"}],"replies":[{"embeddable":true,"href":"https:\/\/blogs.correiobraziliense.com.br\/vicente\/wp-json\/wp\/v2\/comments?post=4283"}],"version-history":[{"count":1,"href":"https:\/\/blogs.correiobraziliense.com.br\/vicente\/wp-json\/wp\/v2\/posts\/4283\/revisions"}],"predecessor-version":[{"id":4284,"href":"https:\/\/blogs.correiobraziliense.com.br\/vicente\/wp-json\/wp\/v2\/posts\/4283\/revisions\/4284"}],"wp:attachment":[{"href":"https:\/\/blogs.correiobraziliense.com.br\/vicente\/wp-json\/wp\/v2\/media?parent=4283"}],"wp:term":[{"taxonomy":"category","embeddable":true,"href":"https:\/\/blogs.correiobraziliense.com.br\/vicente\/wp-json\/wp\/v2\/categories?post=4283"},{"taxonomy":"post_tag","embeddable":true,"href":"https:\/\/blogs.correiobraziliense.com.br\/vicente\/wp-json\/wp\/v2\/tags?post=4283"}],"curies":[{"name":"wp","href":"https:\/\/api.w.org\/{rel}","templated":true}]}}