{"id":4271,"date":"2017-02-24T17:40:53","date_gmt":"2017-02-24T20:40:53","guid":{"rendered":"https:\/\/blogs.correiobraziliense.com.br\/vicente\/?p=4271"},"modified":"2017-02-24T19:06:41","modified_gmt":"2017-02-24T22:06:41","slug":"meirelles-na-casa-civil-e-forte-opcao-se-padilha-cair","status":"publish","type":"post","link":"https:\/\/blogs.correiobraziliense.com.br\/vicente\/meirelles-na-casa-civil-e-forte-opcao-se-padilha-cair\/","title":{"rendered":"Meirelles na Casa Civil \u00e9 forte op\u00e7\u00e3o se Padilha cair"},"content":{"rendered":"<p>POR ANTONIO TEM\u00d3TEO<\/p>\n<p>&nbsp;<\/p>\n<h2>Assessores do presidente Michel Temer avaliam que a poss\u00edvel queda do ministro da Casa Civil, Eliseu Padilha, ap\u00f3s o fogo amigo Jos\u00e9 Yunes, pode levar o ministro da Fazenda, Henrique Meirelles, para o Pal\u00e1cio do Planalto.<\/h2>\n<p>&nbsp;<\/p>\n<p>Interlocutores de Temer relembram que Meirelles comanda atualmente as finan\u00e7as p\u00fablicas, o or\u00e7amento e a economia j\u00e1 d\u00e1 sinais de retomada. Na Casa Civil, teria influ\u00eancia sobre todos os setores do governo e condi\u00e7\u00f5es de fazer o Executivo decolar.<\/p>\n<p>&nbsp;<\/p>\n<p>Sem os principais aliados, alvejados pela Opera\u00e7\u00e3o Lava-Jato, Temer poderia adotar essa solu\u00e7\u00e3o para tentar restabelecer a sua combalida credibilidade. Al\u00e9m disso, abriria espa\u00e7o para Meirelles convidar para o governo mais um economista de peso que manteria o mercado tranquilo.<\/p>\n<p>&nbsp;<\/p>\n<p>Vale lembrar, ressaltam os palacianos, que Meirelles tem conseguido apoio dos diversos partidos da base aliada, entre eles o PSDB, para aprovar propostas para recuperar as finan\u00e7as p\u00fablicas. Sua ida para a Casa Civil, entretanto, fortaleceria uma poss\u00edvel candidatura a Presid\u00eancia da Rep\u00fablica em 2018 e incomodaria caciques de outros partidos.<\/p>\n","protected":false},"excerpt":{"rendered":"<p>POR ANTONIO TEM\u00d3TEO &nbsp; Assessores do presidente Michel Temer avaliam que a poss\u00edvel queda do ministro da Casa Civil, Eliseu Padilha, ap\u00f3s o fogo amigo Jos\u00e9 Yunes, pode levar o ministro da Fazenda, Henrique Meirelles, para o Pal\u00e1cio do Planalto. &nbsp; Interlocutores de Temer relembram que Meirelles comanda atualmente as finan\u00e7as p\u00fablicas, o or\u00e7amento e [&hellip;]<\/p>\n","protected":false},"author":22,"featured_media":0,"comment_status":"open","ping_status":"closed","sticky":false,"template":"","format":"standard","meta":{"footnotes":""},"categories":[600],"tags":[1302,564,1937,21],"class_list":["post-4271","post","type-post","status-publish","format-standard","hentry","category-economia","tag-casa-civil","tag-eliseu-padilha","tag-governo-temer","tag-henrique-meirelles"],"_links":{"self":[{"href":"https:\/\/blogs.correiobraziliense.com.br\/vicente\/wp-json\/wp\/v2\/posts\/4271","targetHints":{"allow":["GET"]}}],"collection":[{"href":"https:\/\/blogs.correiobraziliense.com.br\/vicente\/wp-json\/wp\/v2\/posts"}],"about":[{"href":"https:\/\/blogs.correiobraziliense.com.br\/vicente\/wp-json\/wp\/v2\/types\/post"}],"author":[{"embeddable":true,"href":"https:\/\/blogs.correiobraziliense.com.br\/vicente\/wp-json\/wp\/v2\/users\/22"}],"replies":[{"embeddable":true,"href":"https:\/\/blogs.correiobraziliense.com.br\/vicente\/wp-json\/wp\/v2\/comments?post=4271"}],"version-history":[{"count":7,"href":"https:\/\/blogs.correiobraziliense.com.br\/vicente\/wp-json\/wp\/v2\/posts\/4271\/revisions"}],"predecessor-version":[{"id":4278,"href":"https:\/\/blogs.correiobraziliense.com.br\/vicente\/wp-json\/wp\/v2\/posts\/4271\/revisions\/4278"}],"wp:attachment":[{"href":"https:\/\/blogs.correiobraziliense.com.br\/vicente\/wp-json\/wp\/v2\/media?parent=4271"}],"wp:term":[{"taxonomy":"category","embeddable":true,"href":"https:\/\/blogs.correiobraziliense.com.br\/vicente\/wp-json\/wp\/v2\/categories?post=4271"},{"taxonomy":"post_tag","embeddable":true,"href":"https:\/\/blogs.correiobraziliense.com.br\/vicente\/wp-json\/wp\/v2\/tags?post=4271"}],"curies":[{"name":"wp","href":"https:\/\/api.w.org\/{rel}","templated":true}]}}